{"id":221,"date":"2025-06-06T15:10:01","date_gmt":"2025-06-06T13:10:01","guid":{"rendered":"https:\/\/kos-avocats.fr\/ameliecoeurbattantcorpspatient\/?p=221"},"modified":"2025-06-06T15:10:02","modified_gmt":"2025-06-06T13:10:02","slug":"quand-dft-ne-veut-plus-dire-deficit-fonctionnel-temporaire","status":"publish","type":"post","link":"https:\/\/kos-avocats.fr\/ameliecoeurbattantcorpspatient\/2025\/06\/06\/quand-dft-ne-veut-plus-dire-deficit-fonctionnel-temporaire\/","title":{"rendered":"Quand DFT ne veut plus dire D\u00e9ficit Fonctionnel Temporaire"},"content":{"rendered":"\n<p>\u00ab\u00a0D\u00e9couverte d&rsquo;une maladie brutale et m\u00e9connue\u00a0\u00bb<\/p>\n\n\n\n<p>Je connaissais l&rsquo;acronyme&nbsp;<strong>DFT<\/strong>. Pour moi, avocate en droit de la sant\u00e9, cela \u00e9voquait tout naturellement le d\u00e9ficit fonctionnel temporaire, ce pr\u00e9judice que nous chiffrons lorsque nos clients sont confront\u00e9s \u00e0 une p\u00e9riode de limitation de leurs capacit\u00e9s \u00e0 cause d&rsquo;un accident ou d&rsquo;une maladie.<\/p>\n\n\n\n<p>Mais un jour, ce sigle a pris pour moi un tout autre sens. Un sens intime, douloureux, et bien plus lourd : celui de&nbsp;<strong>d\u00e9g\u00e9n\u00e9rescence frontotemporale<\/strong>.<\/p>\n\n\n\n<p>Je l&rsquo;ai d\u00e9couvert brutalement, comme souvent quand la maladie s&rsquo;invite dans une famille, \u00e0 travers le diagnostic pos\u00e9 pour ma belle-m\u00e8re. J&rsquo;aime profond\u00e9ment ma belle-m\u00e8re. C&rsquo;est une femme lumineuse, cultiv\u00e9e, pleine d&rsquo;humour et de bienveillance. Une psychiatre brillante.<\/p>\n\n\n\n<p>Alors, apprendre qu&rsquo;elle \u00e9tait atteinte d&rsquo;une d\u00e9g\u00e9n\u00e9rescence frontotemporale (DFT) a \u00e9t\u00e9 un choc, doubl\u00e9 d&rsquo;une prise de conscience : malgr\u00e9 mes comp\u00e9tences professionnelles, je ne connaissais presque rien de cette pathologie. Et pourtant, elle existe, elle frappe, et je mesure chaque jour combien elle est d\u00e9vastatrice.<\/p>\n\n\n\n<h3 class=\"wp-block-heading\">Une maladie discr\u00e8te, mais ravageuse<\/h3>\n\n\n\n<p>Les DFT sont des maladies neurod\u00e9g\u00e9n\u00e9ratives, comme la maladie d&rsquo;Alzheimer, mais elles en diff\u00e8rent par leur \u00e9volution, leurs sympt\u00f4mes et, surtout, par la fa\u00e7on dont elles transforment la personne atteinte.&nbsp;<strong>Elles touchent les lobes frontaux et temporaux du cerveau<\/strong>, zones qui contr\u00f4lent le comportement, la personnalit\u00e9, le langage et certaines fonctions cognitives essentielles.<\/p>\n\n\n\n<p>Dans le cas de ma belle-m\u00e8re, comme dans beaucoup d&rsquo;autres, les premiers signes ont \u00e9t\u00e9 insidieux. Des changements d&rsquo;attitude, des pertes de rep\u00e8res, des gestes qui ne semblaient pas \u00ab d&rsquo;elle \u00bb.<\/p>\n\n\n\n<p>Puis les troubles se sont accentu\u00e9s :&nbsp;<strong>perte progressive des mots, petite d\u00e9sinhibition, apathie, troubles du jugement, perte d&rsquo;initiative<\/strong>&nbsp;(pour une femme de poigne et ind\u00e9pendante), inattention \u00e0 l&rsquo;autre voire enfermement. Tr\u00e8s vite, ce n&rsquo;est plus seulement la m\u00e9moire qui fait d\u00e9faut, mais la capacit\u00e9 m\u00eame d&rsquo;agir, de raisonner, d&rsquo;interagir.<\/p>\n\n\n\n<p>Ce que je d\u00e9couvre, c&rsquo;est que la DFT emporte avec elle ce qui fait la singularit\u00e9, le lien \u00e0 l&rsquo;autre, l&rsquo;autonomie. La personne que l&rsquo;on aime est encore l\u00e0, mais peu \u00e0 peu, la maladie l&rsquo;\u00e9loigne, l&rsquo;isole, l&#8217;emp\u00eache d&rsquo;\u00eatre celle qu&rsquo;elle a toujours \u00e9t\u00e9. Cette perte est vertigineuse, tant pour la personne elle-m\u00eame que pour ses proches.<\/p>\n\n\n\n<h3 class=\"wp-block-heading\">Pire qu&rsquo;Alzheimer ?<\/h3>\n\n\n\n<p>Dire que la DFT est pire qu&rsquo;Alzheimer n&rsquo;est pas un concours de malheurs. Mais dans mon ressenti, et dans ce que je vois chaque jour,&nbsp;<strong>la DFT est particuli\u00e8rement cruelle<\/strong>&nbsp;car elle affecte d&rsquo;abord la capacit\u00e9 \u00e0 se comporter, \u00e0 parler, \u00e0 se relier \u00e0 l&rsquo;autre, souvent avant m\u00eame que la m\u00e9moire elle-m\u00eame ne soit atteinte.<\/p>\n\n\n\n<p>C&rsquo;est la&nbsp;<strong>personnalit\u00e9 qui est atteinte de plein fouet<\/strong>. Ce sont les codes sociaux qui s&rsquo;effondrent, l&rsquo;autonomie qui dispara\u00eet sans pr\u00e9venir. Et face \u00e0 cette maladie encore trop m\u00e9connue, le parcours de soin est souvent tardif, les familles d\u00e9munies, les structures d&rsquo;accompagnement mal adapt\u00e9es.<\/p>\n\n\n\n<h3 class=\"wp-block-heading\">Un besoin d&rsquo;agir, m\u00eame modestement<\/h3>\n\n\n\n<p>Cette \u00e9preuve m&rsquo;am\u00e8ne, \u00e0 titre personnel et professionnel, \u00e0 r\u00e9fl\u00e9chir \u00e0 la protection juridique des personnes malades. Face \u00e0 ces pathologies, les questions de&nbsp;<strong>curatelle, tutelle, habilitation familiale, directives anticip\u00e9es, protection du couple, protection patrimoniale<\/strong>&nbsp;deviennent concr\u00e8tes, urgentes, essentielles.<\/p>\n\n\n\n<p>Les malades et leurs proches sont trop souvent confront\u00e9s \u00e0 ces d\u00e9marches dans l&rsquo;urgence, avec le poids de la culpabilit\u00e9 et la douleur d&rsquo;un amour devenu difficile \u00e0 exprimer.<\/p>\n\n\n\n<p>Cette exp\u00e9rience m&rsquo;incite plus que jamais \u00e0 renforcer au sein du cabinet notre engagement en faveur de la protection des majeurs vuln\u00e9rables, non seulement pour s\u00e9curiser les situations juridiques et financi\u00e8res, mais surtout pour&nbsp;<strong>pr\u00e9server, autant que possible, la dignit\u00e9, l&rsquo;autonomie r\u00e9siduelle et les liens affectifs<\/strong>.<\/p>\n\n\n\n<p>Je continuerai donc, \u00e0 travers mes dossiers, \u00e0 me battre pour que ces situations soient mieux accompagn\u00e9es, mieux comprises, mieux prot\u00e9g\u00e9es. Et pour que les DFT, comme toutes les maladies neurod\u00e9g\u00e9n\u00e9ratives, ne soient plus un sigle inconnu, mais une r\u00e9alit\u00e9 \u00e0 laquelle nous sachions r\u00e9pondre avec humanit\u00e9 et comp\u00e9tence.<\/p>\n\n\n\n<p>\u00ab\u00a0Transformer l&rsquo;\u00e9preuve personnelle en engagement professionnel : accompagner avec humanit\u00e9 et comp\u00e9tence.\u00a0\u00bb<\/p>\n","protected":false},"excerpt":{"rendered":"<p>\u00ab\u00a0D\u00e9couverte d&rsquo;une maladie brutale et m\u00e9connue\u00a0\u00bb Je connaissais l&rsquo;acronyme&nbsp;DFT. Pour moi, avocate en droit de la sant\u00e9, cela \u00e9voquait tout naturellement le d\u00e9ficit fonctionnel temporaire, ce pr\u00e9judice que nous chiffrons lorsque nos clients sont confront\u00e9s \u00e0 une p\u00e9riode de limitation de leurs capacit\u00e9s \u00e0 cause d&rsquo;un accident ou d&rsquo;une maladie. Mais un jour, ce sigle a pris pour moi un tout autre sens. Un sens intime, douloureux, et bien plus lourd : celui de&nbsp;d\u00e9g\u00e9n\u00e9rescence frontotemporale. Je l&rsquo;ai d\u00e9couvert brutalement, comme souvent quand la maladie s&rsquo;invite dans une famille, \u00e0 travers le diagnostic pos\u00e9 pour ma belle-m\u00e8re. J&rsquo;aime profond\u00e9ment ma belle-m\u00e8re. C&rsquo;est une femme lumineuse, cultiv\u00e9e, pleine d&rsquo;humour et de bienveillance. Une psychiatre brillante. Alors, apprendre qu&rsquo;elle \u00e9tait atteinte d&rsquo;une d\u00e9g\u00e9n\u00e9rescence frontotemporale (DFT) a \u00e9t\u00e9 un choc, doubl\u00e9 d&rsquo;une prise de conscience : malgr\u00e9 mes comp\u00e9tences professionnelles, je ne connaissais presque rien de cette pathologie. Et pourtant, elle existe, elle frappe, et je mesure chaque jour combien elle est d\u00e9vastatrice. Une maladie discr\u00e8te, mais ravageuse Les DFT sont des maladies neurod\u00e9g\u00e9n\u00e9ratives, comme la maladie d&rsquo;Alzheimer, mais elles en diff\u00e8rent par leur \u00e9volution, leurs sympt\u00f4mes et, surtout, par la fa\u00e7on dont elles transforment la personne atteinte.&nbsp;Elles touchent les lobes frontaux et temporaux du cerveau, zones qui contr\u00f4lent le comportement, la personnalit\u00e9, le langage et certaines fonctions cognitives essentielles. Dans le cas de ma belle-m\u00e8re, comme dans beaucoup d&rsquo;autres, les premiers signes ont \u00e9t\u00e9 insidieux. Des changements d&rsquo;attitude, des pertes de rep\u00e8res, des gestes qui ne semblaient pas \u00ab d&rsquo;elle \u00bb. Puis les troubles se sont accentu\u00e9s :&nbsp;perte progressive des mots, petite d\u00e9sinhibition, apathie, troubles du jugement, perte d&rsquo;initiative&nbsp;(pour une femme de poigne et ind\u00e9pendante), inattention \u00e0 l&rsquo;autre voire enfermement. Tr\u00e8s vite, ce n&rsquo;est plus seulement la m\u00e9moire qui fait d\u00e9faut, mais la capacit\u00e9 m\u00eame d&rsquo;agir, de raisonner, d&rsquo;interagir. Ce que je d\u00e9couvre, c&rsquo;est que la DFT emporte avec elle ce qui fait la singularit\u00e9, le lien \u00e0 l&rsquo;autre, l&rsquo;autonomie. La personne que l&rsquo;on aime est encore l\u00e0, mais peu \u00e0 peu, la maladie l&rsquo;\u00e9loigne, l&rsquo;isole, l&#8217;emp\u00eache d&rsquo;\u00eatre celle qu&rsquo;elle a toujours \u00e9t\u00e9. Cette perte est vertigineuse, tant pour la personne elle-m\u00eame que pour ses proches. Pire qu&rsquo;Alzheimer ? Dire que la DFT est pire qu&rsquo;Alzheimer n&rsquo;est pas un concours de malheurs. Mais dans mon ressenti, et dans ce que je vois chaque jour,&nbsp;la DFT est particuli\u00e8rement cruelle&nbsp;car elle affecte d&rsquo;abord la capacit\u00e9 \u00e0 se comporter, \u00e0 parler, \u00e0 se relier \u00e0 l&rsquo;autre, souvent avant m\u00eame que la m\u00e9moire elle-m\u00eame ne soit atteinte. C&rsquo;est la&nbsp;personnalit\u00e9 qui est atteinte de plein fouet. Ce sont les codes sociaux qui s&rsquo;effondrent, l&rsquo;autonomie qui dispara\u00eet sans pr\u00e9venir. Et face \u00e0 cette maladie encore trop m\u00e9connue, le parcours de soin est souvent tardif, les familles d\u00e9munies, les structures d&rsquo;accompagnement mal adapt\u00e9es. Un besoin d&rsquo;agir, m\u00eame modestement Cette \u00e9preuve m&rsquo;am\u00e8ne, \u00e0 titre personnel et professionnel, \u00e0 r\u00e9fl\u00e9chir \u00e0 la protection juridique des personnes malades. Face \u00e0 ces pathologies, les questions de&nbsp;curatelle, tutelle, habilitation familiale, directives anticip\u00e9es, protection du couple, protection patrimoniale&nbsp;deviennent concr\u00e8tes, urgentes, essentielles. Les malades et leurs proches sont trop souvent confront\u00e9s \u00e0 ces d\u00e9marches dans l&rsquo;urgence, avec le poids de la culpabilit\u00e9 et la douleur d&rsquo;un amour devenu difficile \u00e0 exprimer. Cette exp\u00e9rience m&rsquo;incite plus que jamais \u00e0 renforcer au sein du cabinet notre engagement en faveur de la protection des majeurs vuln\u00e9rables, non seulement pour s\u00e9curiser les situations juridiques et financi\u00e8res, mais surtout pour&nbsp;pr\u00e9server, autant que possible, la dignit\u00e9, l&rsquo;autonomie r\u00e9siduelle et les liens affectifs. Je continuerai donc, \u00e0 travers mes dossiers, \u00e0 me battre pour que ces situations soient mieux accompagn\u00e9es, mieux comprises, mieux prot\u00e9g\u00e9es. Et pour que les DFT, comme toutes les maladies neurod\u00e9g\u00e9n\u00e9ratives, ne soient plus un sigle inconnu, mais une r\u00e9alit\u00e9 \u00e0 laquelle nous sachions r\u00e9pondre avec humanit\u00e9 et comp\u00e9tence. \u00ab\u00a0Transformer l&rsquo;\u00e9preuve personnelle en engagement professionnel : accompagner avec humanit\u00e9 et comp\u00e9tence.\u00a0\u00bb<\/p>\n","protected":false},"author":4,"featured_media":121,"comment_status":"open","ping_status":"open","sticky":false,"template":"","format":"standard","meta":{"footnotes":""},"categories":[1],"tags":[],"class_list":["post-221","post","type-post","status-publish","format-standard","has-post-thumbnail","hentry","category-non-classe"],"_links":{"self":[{"href":"https:\/\/kos-avocats.fr\/ameliecoeurbattantcorpspatient\/wp-json\/wp\/v2\/posts\/221","targetHints":{"allow":["GET"]}}],"collection":[{"href":"https:\/\/kos-avocats.fr\/ameliecoeurbattantcorpspatient\/wp-json\/wp\/v2\/posts"}],"about":[{"href":"https:\/\/kos-avocats.fr\/ameliecoeurbattantcorpspatient\/wp-json\/wp\/v2\/types\/post"}],"author":[{"embeddable":true,"href":"https:\/\/kos-avocats.fr\/ameliecoeurbattantcorpspatient\/wp-json\/wp\/v2\/users\/4"}],"replies":[{"embeddable":true,"href":"https:\/\/kos-avocats.fr\/ameliecoeurbattantcorpspatient\/wp-json\/wp\/v2\/comments?post=221"}],"version-history":[{"count":1,"href":"https:\/\/kos-avocats.fr\/ameliecoeurbattantcorpspatient\/wp-json\/wp\/v2\/posts\/221\/revisions"}],"predecessor-version":[{"id":222,"href":"https:\/\/kos-avocats.fr\/ameliecoeurbattantcorpspatient\/wp-json\/wp\/v2\/posts\/221\/revisions\/222"}],"wp:featuredmedia":[{"embeddable":true,"href":"https:\/\/kos-avocats.fr\/ameliecoeurbattantcorpspatient\/wp-json\/wp\/v2\/media\/121"}],"wp:attachment":[{"href":"https:\/\/kos-avocats.fr\/ameliecoeurbattantcorpspatient\/wp-json\/wp\/v2\/media?parent=221"}],"wp:term":[{"taxonomy":"category","embeddable":true,"href":"https:\/\/kos-avocats.fr\/ameliecoeurbattantcorpspatient\/wp-json\/wp\/v2\/categories?post=221"},{"taxonomy":"post_tag","embeddable":true,"href":"https:\/\/kos-avocats.fr\/ameliecoeurbattantcorpspatient\/wp-json\/wp\/v2\/tags?post=221"}],"curies":[{"name":"wp","href":"https:\/\/api.w.org\/{rel}","templated":true}]}}