{"id":253,"date":"2025-06-13T16:24:25","date_gmt":"2025-06-13T14:24:25","guid":{"rendered":"https:\/\/kos-avocats.fr\/ameliecoeurbattantcorpspatient\/?p=253"},"modified":"2025-06-13T16:24:27","modified_gmt":"2025-06-13T14:24:27","slug":"travailler-en-equipe-une-force-au-coeur-de-notre-pratique-chez-kos-avocats","status":"publish","type":"post","link":"https:\/\/kos-avocats.fr\/ameliecoeurbattantcorpspatient\/2025\/06\/13\/travailler-en-equipe-une-force-au-coeur-de-notre-pratique-chez-kos-avocats\/","title":{"rendered":"Travailler en \u00e9quipe : une force au c\u0153ur de notre pratique chez Kos Avocats"},"content":{"rendered":"\n<p>\u201cCe n\u2019est pas un seul regard qui \u00e9claire un dossier, mais la convergence de plusieurs intelligences de c\u0153ur et d&rsquo;esprit.\u201d<\/p>\n\n\n\n<p>\u2014 L\u2019\u00e9quipe de Kos Avocats<\/p>\n\n\n\n<p>Chez Kos Avocats, nous avons fait le choix de travailler chaque dossier en \u00e9quipe, convaincues que la compl\u00e9mentarit\u00e9 de nos regards et de nos comp\u00e9tences est une force au service de nos clients.&nbsp;<\/p>\n\n\n\n<p>Dans un monde juridique de plus en plus complexe, o\u00f9 les enjeux humains et techniques se croisent, aucun dossier ne m\u00e9rite d\u2019\u00eatre trait\u00e9 seul dans son coin.<\/p>\n\n\n\n<p><strong>Une approche collaborative pour une vision globale<\/strong><\/p>\n\n\n\n<p>Notre cabinet repose sur une conviction simple : la qualit\u00e9 du travail juridique s\u2019enrichit du dialogue entre professionnels. \u00c0 chaque \u00e9tape d\u2019un dossier, nous \u00e9changeons, questionnons nos intuitions r\u00e9ciproques, croisons nos analyses.&nbsp;<\/p>\n\n\n\n<p>Ce travail collectif garantit une lecture particuli\u00e8rement fine des enjeux, qu\u2019ils soient juridiques, strat\u00e9giques ou humains.<\/p>\n\n\n\n<p><strong>Des profils diff\u00e9rents, une m\u00eame exigence<\/strong><\/p>\n\n\n\n<p>Chaque membre de Kos Avocats apporte sa singularit\u00e9 : exp\u00e9riences vari\u00e9es, sensibilit\u00e9s diff\u00e9rentes, champs d\u2019expertise compl\u00e9mentaires.&nbsp;<\/p>\n\n\n\n<p>Cette diversit\u00e9 fait notre richesse.&nbsp;<\/p>\n\n\n\n<p>Elle nous permet d\u2019aborder les situations sous plusieurs angles, de confronter les arguments, de pr\u00e9venir tout \u00e9cueil. Mais ce qui nous unit, c\u2019est une m\u00eame exigence de rigueur, d\u2019engagement et d\u2019humanit\u00e9.<\/p>\n\n\n\n<p><strong>Mieux accompagner les patients et leur entourage&nbsp;<\/strong><\/p>\n\n\n\n<p>Parce que nous d\u00e9fendons des personnes souvent fragilis\u00e9es par la maladie ou le handicap, nous savons \u00e0 quel point chaque mot, chaque strat\u00e9gie, chaque d\u00e9marche compte.&nbsp;<\/p>\n\n\n\n<p>Travailler en \u00e9quipe, c\u2019est aussi s\u2019assurer que rien ne nous \u00e9chappe, que nous avons pens\u00e9 \u00e0 tout ce que nos clients ne peuvent pas toujours formuler.<\/p>\n\n\n\n<p><strong>Loin de l\u2019ego, proches de nos clients<\/strong><\/p>\n\n\n\n<p>Notre mod\u00e8le s\u2019\u00e9loigne volontairement des logiques individualistes encore trop pr\u00e9sentes dans le monde juridique.&nbsp;<\/p>\n\n\n\n<p>Ici, personne ne cherche \u00e0 \u201cbriller\u201d seule. Ce qui nous importe, c\u2019est d\u2019avancer ensemble, de b\u00e2tir des dossiers solides, de trouver des solutions concr\u00e8tes et justes pour les personnes que nous accompagnons.<\/p>\n\n\n\n<p><strong>Une \u00e9quipe qui rassure et qui soutient<\/strong><\/p>\n\n\n\n<p>Nos clients nous disent souvent \u00e0 quel point ils se sentent rassur\u00e9s et soutenus en sachant qu\u2019ils ne sont pas d\u00e9fendus par une seule personne, mais par une \u00e9quipe soud\u00e9e et mobilis\u00e9e pour eux. Cette pr\u00e9sence plurielle renforce la confiance, brise le sentiment d\u2019isolement, et rappelle que derri\u00e8re chaque dossier, il y a des humains qui pensent, qui s\u2019engagent, et qui se battent ensemble. Pour d&rsquo;autres humains.&nbsp;<\/p>\n","protected":false},"excerpt":{"rendered":"<p>\u201cCe n\u2019est pas un seul regard qui \u00e9claire un dossier, mais la convergence de plusieurs intelligences de c\u0153ur et d&rsquo;esprit.\u201d \u2014 L\u2019\u00e9quipe de Kos Avocats Chez Kos Avocats, nous avons fait le choix de travailler chaque dossier en \u00e9quipe, convaincues que la compl\u00e9mentarit\u00e9 de nos regards et de nos comp\u00e9tences est une force au service de nos clients.&nbsp; Dans un monde juridique de plus en plus complexe, o\u00f9 les enjeux humains et techniques se croisent, aucun dossier ne m\u00e9rite d\u2019\u00eatre trait\u00e9 seul dans son coin. Une approche collaborative pour une vision globale Notre cabinet repose sur une conviction simple : la qualit\u00e9 du travail juridique s\u2019enrichit du dialogue entre professionnels. \u00c0 chaque \u00e9tape d\u2019un dossier, nous \u00e9changeons, questionnons nos intuitions r\u00e9ciproques, croisons nos analyses.&nbsp; Ce travail collectif garantit une lecture particuli\u00e8rement fine des enjeux, qu\u2019ils soient juridiques, strat\u00e9giques ou humains. Des profils diff\u00e9rents, une m\u00eame exigence Chaque membre de Kos Avocats apporte sa singularit\u00e9 : exp\u00e9riences vari\u00e9es, sensibilit\u00e9s diff\u00e9rentes, champs d\u2019expertise compl\u00e9mentaires.&nbsp; Cette diversit\u00e9 fait notre richesse.&nbsp; Elle nous permet d\u2019aborder les situations sous plusieurs angles, de confronter les arguments, de pr\u00e9venir tout \u00e9cueil. Mais ce qui nous unit, c\u2019est une m\u00eame exigence de rigueur, d\u2019engagement et d\u2019humanit\u00e9. Mieux accompagner les patients et leur entourage&nbsp; Parce que nous d\u00e9fendons des personnes souvent fragilis\u00e9es par la maladie ou le handicap, nous savons \u00e0 quel point chaque mot, chaque strat\u00e9gie, chaque d\u00e9marche compte.&nbsp; Travailler en \u00e9quipe, c\u2019est aussi s\u2019assurer que rien ne nous \u00e9chappe, que nous avons pens\u00e9 \u00e0 tout ce que nos clients ne peuvent pas toujours formuler. Loin de l\u2019ego, proches de nos clients Notre mod\u00e8le s\u2019\u00e9loigne volontairement des logiques individualistes encore trop pr\u00e9sentes dans le monde juridique.&nbsp; Ici, personne ne cherche \u00e0 \u201cbriller\u201d seule. Ce qui nous importe, c\u2019est d\u2019avancer ensemble, de b\u00e2tir des dossiers solides, de trouver des solutions concr\u00e8tes et justes pour les personnes que nous accompagnons. Une \u00e9quipe qui rassure et qui soutient Nos clients nous disent souvent \u00e0 quel point ils se sentent rassur\u00e9s et soutenus en sachant qu\u2019ils ne sont pas d\u00e9fendus par une seule personne, mais par une \u00e9quipe soud\u00e9e et mobilis\u00e9e pour eux. Cette pr\u00e9sence plurielle renforce la confiance, brise le sentiment d\u2019isolement, et rappelle que derri\u00e8re chaque dossier, il y a des humains qui pensent, qui s\u2019engagent, et qui se battent ensemble. Pour d&rsquo;autres humains.&nbsp;<\/p>\n","protected":false},"author":2,"featured_media":254,"comment_status":"open","ping_status":"open","sticky":false,"template":"","format":"standard","meta":{"footnotes":""},"categories":[1],"tags":[],"class_list":["post-253","post","type-post","status-publish","format-standard","has-post-thumbnail","hentry","category-non-classe"],"_links":{"self":[{"href":"https:\/\/kos-avocats.fr\/ameliecoeurbattantcorpspatient\/wp-json\/wp\/v2\/posts\/253","targetHints":{"allow":["GET"]}}],"collection":[{"href":"https:\/\/kos-avocats.fr\/ameliecoeurbattantcorpspatient\/wp-json\/wp\/v2\/posts"}],"about":[{"href":"https:\/\/kos-avocats.fr\/ameliecoeurbattantcorpspatient\/wp-json\/wp\/v2\/types\/post"}],"author":[{"embeddable":true,"href":"https:\/\/kos-avocats.fr\/ameliecoeurbattantcorpspatient\/wp-json\/wp\/v2\/users\/2"}],"replies":[{"embeddable":true,"href":"https:\/\/kos-avocats.fr\/ameliecoeurbattantcorpspatient\/wp-json\/wp\/v2\/comments?post=253"}],"version-history":[{"count":1,"href":"https:\/\/kos-avocats.fr\/ameliecoeurbattantcorpspatient\/wp-json\/wp\/v2\/posts\/253\/revisions"}],"predecessor-version":[{"id":255,"href":"https:\/\/kos-avocats.fr\/ameliecoeurbattantcorpspatient\/wp-json\/wp\/v2\/posts\/253\/revisions\/255"}],"wp:featuredmedia":[{"embeddable":true,"href":"https:\/\/kos-avocats.fr\/ameliecoeurbattantcorpspatient\/wp-json\/wp\/v2\/media\/254"}],"wp:attachment":[{"href":"https:\/\/kos-avocats.fr\/ameliecoeurbattantcorpspatient\/wp-json\/wp\/v2\/media?parent=253"}],"wp:term":[{"taxonomy":"category","embeddable":true,"href":"https:\/\/kos-avocats.fr\/ameliecoeurbattantcorpspatient\/wp-json\/wp\/v2\/categories?post=253"},{"taxonomy":"post_tag","embeddable":true,"href":"https:\/\/kos-avocats.fr\/ameliecoeurbattantcorpspatient\/wp-json\/wp\/v2\/tags?post=253"}],"curies":[{"name":"wp","href":"https:\/\/api.w.org\/{rel}","templated":true}]}}