{"id":258,"date":"2025-06-20T11:48:14","date_gmt":"2025-06-20T09:48:14","guid":{"rendered":"https:\/\/kos-avocats.fr\/ameliecoeurbattantcorpspatient\/?p=258"},"modified":"2025-06-20T11:48:14","modified_gmt":"2025-06-20T09:48:14","slug":"pourquoi-je-travaille-en-sur-mesure-et-pourquoi-cela-change-tout-pour-vous","status":"publish","type":"post","link":"https:\/\/kos-avocats.fr\/ameliecoeurbattantcorpspatient\/2025\/06\/20\/pourquoi-je-travaille-en-sur-mesure-et-pourquoi-cela-change-tout-pour-vous\/","title":{"rendered":"Pourquoi je travaille en sur-mesure \u2013 et pourquoi cela change tout pour vous"},"content":{"rendered":"\n<p>Dans mon cabinet,&nbsp;<strong>vous ne trouverez ni devis-type, ni mod\u00e8le pr\u00e9rempli d\u2019assignation ou de conclusions<\/strong>. Cela n\u2019a rien d\u2019un oubli ou d\u2019un manque d\u2019organisation. C\u2019est un choix. Un choix assum\u00e9, structurant, et profond\u00e9ment ancr\u00e9 dans ma mani\u00e8re de concevoir la d\u00e9fense des patients et de leurs droits.<\/p>\n\n\n\n<p>Chaque personne que j\u2019accompagne a une histoire singuli\u00e8re, un parcours m\u00e9dical sp\u00e9cifique, des blessures uniques \u2013 qu\u2019elles soient physiques, psychiques, sociales ou existentielles. R\u00e9duire ces parcours \u00e0 des mod\u00e8les ou \u00e0 des formules juridiques standardis\u00e9es, ce serait leur faire violence une seconde fois.<\/p>\n\n\n\n<p><strong>Je refuse cela.<\/strong><\/p>\n\n\n\n<p><strong>Un accompagnement taill\u00e9 \u00e0 la mesure de votre r\u00e9alit\u00e9<\/strong><\/p>\n\n\n\n<p>Quand je prends un dossier, je prends d\u2019abord le temps de l\u2019\u00e9couter. Vraiment. Je veux comprendre ce que vous avez travers\u00e9, ce que vous traversez encore, et ce que vous attendez de la justice. Je construis alors une strat\u00e9gie juridique qui part de vous. Et j\u2019\u00e9cris. Sans copier-coller. Sans trame fig\u00e9e.&nbsp;<strong>Je r\u00e9dige chaque acte \u00e0 la main, en partant d\u2019une page blanche.<\/strong><\/p>\n\n\n\n<p>Cela prend du temps. Mais ce temps est un investissement dans la solidit\u00e9 de votre dossier. Ce n\u2019est pas une surcharge : c\u2019est une exigence \u00e9thique et professionnelle.<\/p>\n\n\n\n<p><strong>Pas de bar\u00e8me, pas de cases : du droit vivant<\/strong><\/p>\n\n\n\n<p>Je n\u2019applique pas un tarif fig\u00e9 \u00e0 un type d\u2019action. Je ne crois pas au traitement \u00ab \u00e0 la cha\u00eene \u00bb. Je propose des honoraires qui tiennent compte de la nature du litige, de votre situation personnelle, et du travail r\u00e9el \u00e0 accomplir.<\/p>\n\n\n\n<p>Le droit de la sant\u00e9, le droit des malades et des personnes en situation de handicap,&nbsp;<strong>ce n\u2019est pas du droit automatisable. C\u2019est du droit humain. Du droit sensible. Du droit v\u00e9cu.<\/strong><\/p>\n\n\n\n<p><strong>Ce que vous gagnez avec ce choix<\/strong><\/p>\n\n\n\n<ul class=\"wp-block-list\">\n<li><strong>Un dossier cr\u00e9dible, solide et personnalis\u00e9<\/strong>, qui parle de vous, pas d\u2019un cas g\u00e9n\u00e9rique.<\/li>\n\n\n\n<li><strong>Un avocat qui s\u2019implique r\u00e9ellement<\/strong>, qui lit entre les lignes de vos documents m\u00e9dicaux, de vos rapports d\u2019expertise, de vos refus administratifs.<\/li>\n\n\n\n<li><strong>Une d\u00e9fense \u00e0 votre image<\/strong>, respectueuse de votre histoire, de votre dignit\u00e9, de votre combat.<\/li>\n<\/ul>\n\n\n\n<p>Si vous cherchez un cabinet qui produit des actes \u00ab\u00a0efficaces\u00a0\u00bb avec des mod\u00e8les certes \u00e9prouv\u00e9s mais standardis\u00e9s, je ne suis pas la bonne personne.<br>Mais si vous cherchez&nbsp;<strong>une alli\u00e9e<\/strong>, qui s\u2019engage \u00e0 vos c\u00f4t\u00e9s avec exigence, humanit\u00e9 et pr\u00e9cision, alors nous avons sans doute des choses pr\u00e9cieuses \u00e0 construire ensemble.<\/p>\n","protected":false},"excerpt":{"rendered":"<p>Dans mon cabinet,&nbsp;vous ne trouverez ni devis-type, ni mod\u00e8le pr\u00e9rempli d\u2019assignation ou de conclusions. Cela n\u2019a rien d\u2019un oubli ou d\u2019un manque d\u2019organisation. C\u2019est un choix. Un choix assum\u00e9, structurant, et profond\u00e9ment ancr\u00e9 dans ma mani\u00e8re de concevoir la d\u00e9fense des patients et de leurs droits. Chaque personne que j\u2019accompagne a une histoire singuli\u00e8re, un parcours m\u00e9dical sp\u00e9cifique, des blessures uniques \u2013 qu\u2019elles soient physiques, psychiques, sociales ou existentielles. R\u00e9duire ces parcours \u00e0 des mod\u00e8les ou \u00e0 des formules juridiques standardis\u00e9es, ce serait leur faire violence une seconde fois. Je refuse cela. Un accompagnement taill\u00e9 \u00e0 la mesure de votre r\u00e9alit\u00e9 Quand je prends un dossier, je prends d\u2019abord le temps de l\u2019\u00e9couter. Vraiment. Je veux comprendre ce que vous avez travers\u00e9, ce que vous traversez encore, et ce que vous attendez de la justice. Je construis alors une strat\u00e9gie juridique qui part de vous. Et j\u2019\u00e9cris. Sans copier-coller. Sans trame fig\u00e9e.&nbsp;Je r\u00e9dige chaque acte \u00e0 la main, en partant d\u2019une page blanche. Cela prend du temps. Mais ce temps est un investissement dans la solidit\u00e9 de votre dossier. Ce n\u2019est pas une surcharge : c\u2019est une exigence \u00e9thique et professionnelle. Pas de bar\u00e8me, pas de cases : du droit vivant Je n\u2019applique pas un tarif fig\u00e9 \u00e0 un type d\u2019action. Je ne crois pas au traitement \u00ab \u00e0 la cha\u00eene \u00bb. Je propose des honoraires qui tiennent compte de la nature du litige, de votre situation personnelle, et du travail r\u00e9el \u00e0 accomplir. Le droit de la sant\u00e9, le droit des malades et des personnes en situation de handicap,&nbsp;ce n\u2019est pas du droit automatisable. C\u2019est du droit humain. Du droit sensible. Du droit v\u00e9cu. Ce que vous gagnez avec ce choix Si vous cherchez un cabinet qui produit des actes \u00ab\u00a0efficaces\u00a0\u00bb avec des mod\u00e8les certes \u00e9prouv\u00e9s mais standardis\u00e9s, je ne suis pas la bonne personne.Mais si vous cherchez&nbsp;une alli\u00e9e, qui s\u2019engage \u00e0 vos c\u00f4t\u00e9s avec exigence, humanit\u00e9 et pr\u00e9cision, alors nous avons sans doute des choses pr\u00e9cieuses \u00e0 construire ensemble.<\/p>\n","protected":false},"author":2,"featured_media":260,"comment_status":"open","ping_status":"open","sticky":false,"template":"","format":"standard","meta":{"footnotes":""},"categories":[1],"tags":[],"class_list":["post-258","post","type-post","status-publish","format-standard","has-post-thumbnail","hentry","category-non-classe"],"_links":{"self":[{"href":"https:\/\/kos-avocats.fr\/ameliecoeurbattantcorpspatient\/wp-json\/wp\/v2\/posts\/258","targetHints":{"allow":["GET"]}}],"collection":[{"href":"https:\/\/kos-avocats.fr\/ameliecoeurbattantcorpspatient\/wp-json\/wp\/v2\/posts"}],"about":[{"href":"https:\/\/kos-avocats.fr\/ameliecoeurbattantcorpspatient\/wp-json\/wp\/v2\/types\/post"}],"author":[{"embeddable":true,"href":"https:\/\/kos-avocats.fr\/ameliecoeurbattantcorpspatient\/wp-json\/wp\/v2\/users\/2"}],"replies":[{"embeddable":true,"href":"https:\/\/kos-avocats.fr\/ameliecoeurbattantcorpspatient\/wp-json\/wp\/v2\/comments?post=258"}],"version-history":[{"count":1,"href":"https:\/\/kos-avocats.fr\/ameliecoeurbattantcorpspatient\/wp-json\/wp\/v2\/posts\/258\/revisions"}],"predecessor-version":[{"id":261,"href":"https:\/\/kos-avocats.fr\/ameliecoeurbattantcorpspatient\/wp-json\/wp\/v2\/posts\/258\/revisions\/261"}],"wp:featuredmedia":[{"embeddable":true,"href":"https:\/\/kos-avocats.fr\/ameliecoeurbattantcorpspatient\/wp-json\/wp\/v2\/media\/260"}],"wp:attachment":[{"href":"https:\/\/kos-avocats.fr\/ameliecoeurbattantcorpspatient\/wp-json\/wp\/v2\/media?parent=258"}],"wp:term":[{"taxonomy":"category","embeddable":true,"href":"https:\/\/kos-avocats.fr\/ameliecoeurbattantcorpspatient\/wp-json\/wp\/v2\/categories?post=258"},{"taxonomy":"post_tag","embeddable":true,"href":"https:\/\/kos-avocats.fr\/ameliecoeurbattantcorpspatient\/wp-json\/wp\/v2\/tags?post=258"}],"curies":[{"name":"wp","href":"https:\/\/api.w.org\/{rel}","templated":true}]}}