{"id":284,"date":"2025-09-12T09:21:50","date_gmt":"2025-09-12T07:21:50","guid":{"rendered":"https:\/\/kos-avocats.fr\/ameliecoeurbattantcorpspatient\/?p=284"},"modified":"2025-09-12T09:29:16","modified_gmt":"2025-09-12T07:29:16","slug":"souvenir-de-vacances","status":"publish","type":"post","link":"https:\/\/kos-avocats.fr\/ameliecoeurbattantcorpspatient\/2025\/09\/12\/souvenir-de-vacances\/","title":{"rendered":"Souvenir de vacances"},"content":{"rendered":"\n\n\n<p><strong>Ao\u00fbt le soir, sur mon petit banc de jardin tourangeau&nbsp;<\/strong><\/p>\n\n\n\n<p>Il y a un moment, pendant mes vacances estivales, que j\u2019attends chaque jour avec impatience et une fid\u00e9lit\u00e9 presque rituelle.&nbsp;<\/p>\n\n\n\n<p>Ce n\u2019est ni le matin au potager, ni l\u2019apr\u00e8s-midi en famille ou entre amis, mais le soir, quand le jour s\u2019\u00e9tire encore un peu&#8230; avant de s\u2019effacer.<\/p>\n\n\n\n<p>Je m\u2019assois sur le banc devant la maison, un verre de Vouvray \u00e0 la main.&nbsp;<\/p>\n\n\n\n<p>Face \u00e0 moi, la for\u00eat s\u2019embrase doucement sous la lumi\u00e8re dor\u00e9e, qui tend \u00e0 devenir rose, comme dans un Sisley hivernal.&nbsp;<\/p>\n\n\n\n<p>Les rayons bas du soleil se posent sur chaque feuille, comme s\u2019ils voulaient les envelopper d\u2019un dernier \u00e9clat avant la nuit.<\/p>\n\n\n\n<p>Devant moi, les fleurs continuent d\u2019attirer leurs visiteurs tardifs. Les abeilles au dos de velours beige et les insectes papillons butinent encore, insouciants du temps qui passe. Ce ballet discret ajoute \u00e0 la magie de l\u2019instant, entre silence et bruissements d&rsquo;ailes, entre les restes de la chaleur du jour et l&rsquo;air frais nocturne naissant.<\/p>\n\n\n\n<p>C\u2019est un rendez-vous tout simple, sans fioritures, mais immuable pour moi, qui ne demande rien d\u2019autre que d\u2019\u00eatre v\u00e9cu.&nbsp;<\/p>\n\n\n\n<p>Un moment suspendu o\u00f9 tout s\u2019aligne : la nature, la lumi\u00e8re, le go\u00fbt de l&rsquo;excellent vin, et la sensation profonde d\u2019\u00eatre exactement l\u00e0 o\u00f9 je suis, \u00e0 ma place.<\/p>\n","protected":false},"excerpt":{"rendered":"<p>Ao\u00fbt le soir, sur mon petit banc de jardin tourangeau&nbsp; Il y a un moment, pendant mes vacances estivales, que j\u2019attends chaque jour avec impatience et une fid\u00e9lit\u00e9 presque rituelle.&nbsp; Ce n\u2019est ni le matin au potager, ni l\u2019apr\u00e8s-midi en famille ou entre amis, mais le soir, quand le jour s\u2019\u00e9tire encore un peu&#8230; avant de s\u2019effacer. Je m\u2019assois sur le banc devant la maison, un verre de Vouvray \u00e0 la main.&nbsp; Face \u00e0 moi, la for\u00eat s\u2019embrase doucement sous la lumi\u00e8re dor\u00e9e, qui tend \u00e0 devenir rose, comme dans un Sisley hivernal.&nbsp; Les rayons bas du soleil se posent sur chaque feuille, comme s\u2019ils voulaient les envelopper d\u2019un dernier \u00e9clat avant la nuit. Devant moi, les fleurs continuent d\u2019attirer leurs visiteurs tardifs. Les abeilles au dos de velours beige et les insectes papillons butinent encore, insouciants du temps qui passe. Ce ballet discret ajoute \u00e0 la magie de l\u2019instant, entre silence et bruissements d&rsquo;ailes, entre les restes de la chaleur du jour et l&rsquo;air frais nocturne naissant. C\u2019est un rendez-vous tout simple, sans fioritures, mais immuable pour moi, qui ne demande rien d\u2019autre que d\u2019\u00eatre v\u00e9cu.&nbsp; Un moment suspendu o\u00f9 tout s\u2019aligne : la nature, la lumi\u00e8re, le go\u00fbt de l&rsquo;excellent vin, et la sensation profonde d\u2019\u00eatre exactement l\u00e0 o\u00f9 je suis, \u00e0 ma place.<\/p>\n","protected":false},"author":2,"featured_media":287,"comment_status":"open","ping_status":"open","sticky":false,"template":"","format":"standard","meta":{"footnotes":""},"categories":[1],"tags":[],"class_list":["post-284","post","type-post","status-publish","format-standard","has-post-thumbnail","hentry","category-non-classe"],"_links":{"self":[{"href":"https:\/\/kos-avocats.fr\/ameliecoeurbattantcorpspatient\/wp-json\/wp\/v2\/posts\/284","targetHints":{"allow":["GET"]}}],"collection":[{"href":"https:\/\/kos-avocats.fr\/ameliecoeurbattantcorpspatient\/wp-json\/wp\/v2\/posts"}],"about":[{"href":"https:\/\/kos-avocats.fr\/ameliecoeurbattantcorpspatient\/wp-json\/wp\/v2\/types\/post"}],"author":[{"embeddable":true,"href":"https:\/\/kos-avocats.fr\/ameliecoeurbattantcorpspatient\/wp-json\/wp\/v2\/users\/2"}],"replies":[{"embeddable":true,"href":"https:\/\/kos-avocats.fr\/ameliecoeurbattantcorpspatient\/wp-json\/wp\/v2\/comments?post=284"}],"version-history":[{"count":8,"href":"https:\/\/kos-avocats.fr\/ameliecoeurbattantcorpspatient\/wp-json\/wp\/v2\/posts\/284\/revisions"}],"predecessor-version":[{"id":297,"href":"https:\/\/kos-avocats.fr\/ameliecoeurbattantcorpspatient\/wp-json\/wp\/v2\/posts\/284\/revisions\/297"}],"wp:featuredmedia":[{"embeddable":true,"href":"https:\/\/kos-avocats.fr\/ameliecoeurbattantcorpspatient\/wp-json\/wp\/v2\/media\/287"}],"wp:attachment":[{"href":"https:\/\/kos-avocats.fr\/ameliecoeurbattantcorpspatient\/wp-json\/wp\/v2\/media?parent=284"}],"wp:term":[{"taxonomy":"category","embeddable":true,"href":"https:\/\/kos-avocats.fr\/ameliecoeurbattantcorpspatient\/wp-json\/wp\/v2\/categories?post=284"},{"taxonomy":"post_tag","embeddable":true,"href":"https:\/\/kos-avocats.fr\/ameliecoeurbattantcorpspatient\/wp-json\/wp\/v2\/tags?post=284"}],"curies":[{"name":"wp","href":"https:\/\/api.w.org\/{rel}","templated":true}]}}