{"id":344,"date":"2025-10-16T14:29:01","date_gmt":"2025-10-16T12:29:01","guid":{"rendered":"https:\/\/kos-avocats.fr\/ameliecoeurbattantcorpspatient\/?p=344"},"modified":"2025-10-16T14:29:02","modified_gmt":"2025-10-16T12:29:02","slug":"journee-mondiale-de-la-douleur-mepriser-la-douleur-lecon-stoicienne-et-limites-humaines","status":"publish","type":"post","link":"https:\/\/kos-avocats.fr\/ameliecoeurbattantcorpspatient\/2025\/10\/16\/journee-mondiale-de-la-douleur-mepriser-la-douleur-lecon-stoicienne-et-limites-humaines\/","title":{"rendered":"Journ\u00e9e mondiale de la douleur \u2013 M\u00e9priser la douleur ? Le\u00e7on sto\u00efcienne et limites humaines"},"content":{"rendered":"\n<p>Chaque 16 octobre, la&nbsp;<em>Journ\u00e9e mondiale de la douleur<\/em>&nbsp;nous rappelle combien souffrir n\u2019est pas seulement une affaire de nerfs, de r\u00e9cepteurs ou de seuil de tol\u00e9rance. C\u2019est une exp\u00e9rience totale du corps et de l\u2019esprit.<\/p>\n\n\n\n<p>Et pourtant, depuis l\u2019Antiquit\u00e9, certains ont tent\u00e9 de tenir t\u00eate \u00e0 la douleur par la force de la raison. Les sto\u00efciens, notamment, en ont fait un id\u00e9al de sagesse :&nbsp;<em>m\u00e9priser la douleur<\/em>, disent-ils, comme on m\u00e9priserait une illusion de l\u2019\u00e2me ou une faiblesse du corps.<\/p>\n\n\n\n<p>Belle exigence. Admirable m\u00eame.<br>Mais aussi, pour qui vit la douleur au long cours, une exigence presque inhumaine.<\/p>\n\n\n\n<p><strong>De la douleur \u00e0 la souffrance : le basculement invisible<\/strong><\/p>\n\n\n\n<p>Car la douleur, lorsqu\u2019elle s\u2019installe, n\u2019est plus seulement une sensation. Elle devient une pr\u00e9sence.<br>Ce qui, \u00e0 l\u2019origine, relevait du corps \u2013 une l\u00e9sion, une atteinte, une r\u00e9action \u2013 devient, \u00e0 la longue, un \u00e9tat d\u2019\u00eatre. On ne&nbsp;<em>ressent<\/em>&nbsp;plus seulement la douleur : on&nbsp;<em>devient<\/em>&nbsp;douloureux.<br>C\u2019est l\u00e0 que na\u00eet la souffrance.<\/p>\n\n\n\n<p>Cette distinction, essentielle, a \u00e9t\u00e9 magnifiquement \u00e9clair\u00e9e par Paul Ricoeur&nbsp;et Claire Marin, qui ont montr\u00e9 comment la r\u00e9p\u00e9tition du souffrir use non seulement le corps, mais aussi l\u2019identit\u00e9. L\u2019exp\u00e9rience chronique de la douleur \u00e9rode peu \u00e0 peu le rapport \u00e0 soi, aux autres, au monde. Elle fragilise la confiance en son propre corps et alt\u00e8re le sentiment de continuit\u00e9 de soi.<\/p>\n\n\n\n<p>La douleur devient alors un prisme : elle colore chaque relation, chaque projet, chaque \u00e9motion. Elle impose ses rythmes, ses absences, ses silences. Elle colonise les existences.<\/p>\n\n\n\n<p><strong>Le patient douloureux chronique, \u00e0 traiter dans son \u00ab\u00a0ensemble\u00a0\u00bb<\/strong><\/p>\n\n\n\n<p>Face au prisme douloureux, la m\u00e9decine ne peut se contenter de prescrire des antalgiques ou d\u2019ajuster des dosages.<br>Le patient douloureux chronique a besoin d\u2019\u00eatre reconnu dans&nbsp;<strong>toute la complexit\u00e9 de son exp\u00e9rience<\/strong>.<br>Il ne s\u2019agit pas seulement d\u2019\u00e9valuer une intensit\u00e9, mais de comprendre ce que la douleur a chang\u00e9 dans la vie, dans les liens, dans l\u2019identit\u00e9.<\/p>\n\n\n\n<p>C\u2019est tout le sens de l\u2019approche d\u00e9fendue par Cicely Saunders, fondatrice des soins palliatifs modernes. Elle rappelait que la douleur, en fin de vie comme dans toute pathologie grave, est&nbsp;<strong>totale<\/strong>&nbsp;:<\/p>\n\n\n\n<ul class=\"wp-block-list\">\n<li><em>physique<\/em>, bien s\u00fbr, avec les sympt\u00f4mes organiques ;<\/li>\n\n\n\n<li><em>mentale<\/em>, avec les peurs, les angoisses, les col\u00e8res ;<\/li>\n\n\n\n<li><em>sociale<\/em>, avec les ruptures professionnelles, les contraintes administratives, la solitude ;<\/li>\n\n\n\n<li><em>spirituelle<\/em>, enfin, avec les questions sur le sens, la culpabilit\u00e9, la finitude.<\/li>\n<\/ul>\n\n\n\n<p>Cette conception int\u00e9grative reste d\u2019une actualit\u00e9 br\u00fblante. Elle oblige \u00e0 penser autrement la relation de soin : \u00e9couter autrement, accompagner autrement, former autrement.<\/p>\n\n\n\n<p><strong>M\u00e9priser la douleur ? Ou lui donner du sens ?<\/strong><\/p>\n\n\n\n<p>Alors, oui, les sto\u00efciens avaient raison sur un point : la douleur peut \u00eatre affront\u00e9e avec courage.<br>Mais ils oubliaient peut-\u00eatre que ce courage-l\u00e0 ne se d\u00e9cr\u00e8te pas. Il se construit, souvent avec d\u2019autres.<\/p>\n\n\n\n<p>M\u00e9priser la douleur ? Non.<br>Mais refuser qu\u2019elle nous d\u00e9truise, Oui.<br>Et cela passe par une prise en charge globale, humaine, pluridisciplinaire, qui reconna\u00eet que la douleur chronique n\u2019est pas une faiblesse. Elle est un combat quotidien \u2014 souvent silencieux certes, mais toujours digne et digne de sens.<\/p>\n\n\n\n<p>En ce 16 octobre, pensons \u00e0 celles et ceux qui se battent chaque jour avec leur douleur, visible ou non.<br>Et souvenons-nous que&nbsp;<em>la douleur, lorsqu\u2019elle n\u2019est pas entendue, devient souffrance<\/em>.<\/p>\n\n\n\n<p>Notre devoir collectif est de la&nbsp;comprendre et de l&rsquo;accompagner, dans toute sa globalit\u00e9.&nbsp;<\/p>\n\n\n\n<hr class=\"wp-block-separator has-alpha-channel-opacity\"\/>\n\n\n\n<p><strong>\ud83d\udc49 Pour aller plus loin :<\/strong><\/p>\n\n\n\n<ul class=\"wp-block-list\">\n<li><strong>Paul Ricoeur<\/strong>,\u00a0<em>Soi-m\u00eame comme un autre<\/em>\u00a0(1990)<\/li>\n\n\n\n<li><strong>Claire Marin<\/strong>,\u00a0<em>Hors de moi<\/em>\u00a0(2008)<\/li>\n\n\n\n<li><strong>Cicely Saunders<\/strong>,\u00a0<em>The Management of Terminal Illness<\/em>\u00a0(1967)<\/li>\n<\/ul>\n","protected":false},"excerpt":{"rendered":"<p>Chaque 16 octobre, la&nbsp;Journ\u00e9e mondiale de la douleur&nbsp;nous rappelle combien souffrir n\u2019est pas seulement une affaire de nerfs, de r\u00e9cepteurs ou de seuil de tol\u00e9rance. C\u2019est une exp\u00e9rience totale du corps et de l\u2019esprit. Et pourtant, depuis l\u2019Antiquit\u00e9, certains ont tent\u00e9 de tenir t\u00eate \u00e0 la douleur par la force de la raison. Les sto\u00efciens, notamment, en ont fait un id\u00e9al de sagesse :&nbsp;m\u00e9priser la douleur, disent-ils, comme on m\u00e9priserait une illusion de l\u2019\u00e2me ou une faiblesse du corps. Belle exigence. Admirable m\u00eame.Mais aussi, pour qui vit la douleur au long cours, une exigence presque inhumaine. De la douleur \u00e0 la souffrance : le basculement invisible Car la douleur, lorsqu\u2019elle s\u2019installe, n\u2019est plus seulement une sensation. Elle devient une pr\u00e9sence.Ce qui, \u00e0 l\u2019origine, relevait du corps \u2013 une l\u00e9sion, une atteinte, une r\u00e9action \u2013 devient, \u00e0 la longue, un \u00e9tat d\u2019\u00eatre. On ne&nbsp;ressent&nbsp;plus seulement la douleur : on&nbsp;devient&nbsp;douloureux.C\u2019est l\u00e0 que na\u00eet la souffrance. Cette distinction, essentielle, a \u00e9t\u00e9 magnifiquement \u00e9clair\u00e9e par Paul Ricoeur&nbsp;et Claire Marin, qui ont montr\u00e9 comment la r\u00e9p\u00e9tition du souffrir use non seulement le corps, mais aussi l\u2019identit\u00e9. L\u2019exp\u00e9rience chronique de la douleur \u00e9rode peu \u00e0 peu le rapport \u00e0 soi, aux autres, au monde. Elle fragilise la confiance en son propre corps et alt\u00e8re le sentiment de continuit\u00e9 de soi. La douleur devient alors un prisme : elle colore chaque relation, chaque projet, chaque \u00e9motion. Elle impose ses rythmes, ses absences, ses silences. Elle colonise les existences. Le patient douloureux chronique, \u00e0 traiter dans son \u00ab\u00a0ensemble\u00a0\u00bb Face au prisme douloureux, la m\u00e9decine ne peut se contenter de prescrire des antalgiques ou d\u2019ajuster des dosages.Le patient douloureux chronique a besoin d\u2019\u00eatre reconnu dans&nbsp;toute la complexit\u00e9 de son exp\u00e9rience.Il ne s\u2019agit pas seulement d\u2019\u00e9valuer une intensit\u00e9, mais de comprendre ce que la douleur a chang\u00e9 dans la vie, dans les liens, dans l\u2019identit\u00e9. C\u2019est tout le sens de l\u2019approche d\u00e9fendue par Cicely Saunders, fondatrice des soins palliatifs modernes. Elle rappelait que la douleur, en fin de vie comme dans toute pathologie grave, est&nbsp;totale&nbsp;: Cette conception int\u00e9grative reste d\u2019une actualit\u00e9 br\u00fblante. Elle oblige \u00e0 penser autrement la relation de soin : \u00e9couter autrement, accompagner autrement, former autrement. M\u00e9priser la douleur ? Ou lui donner du sens ? Alors, oui, les sto\u00efciens avaient raison sur un point : la douleur peut \u00eatre affront\u00e9e avec courage.Mais ils oubliaient peut-\u00eatre que ce courage-l\u00e0 ne se d\u00e9cr\u00e8te pas. Il se construit, souvent avec d\u2019autres. M\u00e9priser la douleur ? Non.Mais refuser qu\u2019elle nous d\u00e9truise, Oui.Et cela passe par une prise en charge globale, humaine, pluridisciplinaire, qui reconna\u00eet que la douleur chronique n\u2019est pas une faiblesse. Elle est un combat quotidien \u2014 souvent silencieux certes, mais toujours digne et digne de sens. En ce 16 octobre, pensons \u00e0 celles et ceux qui se battent chaque jour avec leur douleur, visible ou non.Et souvenons-nous que&nbsp;la douleur, lorsqu\u2019elle n\u2019est pas entendue, devient souffrance. Notre devoir collectif est de la&nbsp;comprendre et de l&rsquo;accompagner, dans toute sa globalit\u00e9.&nbsp; \ud83d\udc49 Pour aller plus loin :<\/p>\n","protected":false},"author":2,"featured_media":345,"comment_status":"open","ping_status":"open","sticky":false,"template":"","format":"standard","meta":{"footnotes":""},"categories":[1],"tags":[],"class_list":["post-344","post","type-post","status-publish","format-standard","has-post-thumbnail","hentry","category-non-classe"],"_links":{"self":[{"href":"https:\/\/kos-avocats.fr\/ameliecoeurbattantcorpspatient\/wp-json\/wp\/v2\/posts\/344","targetHints":{"allow":["GET"]}}],"collection":[{"href":"https:\/\/kos-avocats.fr\/ameliecoeurbattantcorpspatient\/wp-json\/wp\/v2\/posts"}],"about":[{"href":"https:\/\/kos-avocats.fr\/ameliecoeurbattantcorpspatient\/wp-json\/wp\/v2\/types\/post"}],"author":[{"embeddable":true,"href":"https:\/\/kos-avocats.fr\/ameliecoeurbattantcorpspatient\/wp-json\/wp\/v2\/users\/2"}],"replies":[{"embeddable":true,"href":"https:\/\/kos-avocats.fr\/ameliecoeurbattantcorpspatient\/wp-json\/wp\/v2\/comments?post=344"}],"version-history":[{"count":1,"href":"https:\/\/kos-avocats.fr\/ameliecoeurbattantcorpspatient\/wp-json\/wp\/v2\/posts\/344\/revisions"}],"predecessor-version":[{"id":346,"href":"https:\/\/kos-avocats.fr\/ameliecoeurbattantcorpspatient\/wp-json\/wp\/v2\/posts\/344\/revisions\/346"}],"wp:featuredmedia":[{"embeddable":true,"href":"https:\/\/kos-avocats.fr\/ameliecoeurbattantcorpspatient\/wp-json\/wp\/v2\/media\/345"}],"wp:attachment":[{"href":"https:\/\/kos-avocats.fr\/ameliecoeurbattantcorpspatient\/wp-json\/wp\/v2\/media?parent=344"}],"wp:term":[{"taxonomy":"category","embeddable":true,"href":"https:\/\/kos-avocats.fr\/ameliecoeurbattantcorpspatient\/wp-json\/wp\/v2\/categories?post=344"},{"taxonomy":"post_tag","embeddable":true,"href":"https:\/\/kos-avocats.fr\/ameliecoeurbattantcorpspatient\/wp-json\/wp\/v2\/tags?post=344"}],"curies":[{"name":"wp","href":"https:\/\/api.w.org\/{rel}","templated":true}]}}