{"id":358,"date":"2025-11-07T10:10:16","date_gmt":"2025-11-07T09:10:16","guid":{"rendered":"https:\/\/kos-avocats.fr\/ameliecoeurbattantcorpspatient\/?p=358"},"modified":"2025-11-07T10:10:17","modified_gmt":"2025-11-07T09:10:17","slug":"le-handicap-cause-par-la-maladie-ca-vous-parle","status":"publish","type":"post","link":"https:\/\/kos-avocats.fr\/ameliecoeurbattantcorpspatient\/2025\/11\/07\/le-handicap-cause-par-la-maladie-ca-vous-parle\/","title":{"rendered":"Le handicap caus\u00e9 par la maladie, \u00e7a vous parle ?"},"content":{"rendered":"\n<p><strong>Quand on me r\u00e9pond que \u00ab c\u2019est accessible en fauteuil \u00bb, et que je reste \u00e0 la porte<\/strong><\/p>\n\n\n\n<p>Il y a des moments o\u00f9 la col\u00e8re et la tristesse se confondent. Pas une col\u00e8re th\u00e9orique, pas une indignation \u00ab\u00a0de fa\u00e7ade\u00a0\u00bb. Une col\u00e8re v\u00e9cue, profonde, enracin\u00e9e, d\u00e9vastatrice, dans un quotidien o\u00f9 il faut sans cesse justifier, expliquer, convaincre \u2014 et souvent pour rien. Parce que, visiblement, certains handicaps d\u00e9rangent plus que d&rsquo;autres. Surtout quand ils ne se voient pas.<\/p>\n\n\n\n<p>Je vais vous donner des exemples concrets.<\/p>\n\n\n\n<p>Je contacte un organisme de formation. J\u2019aimerais suivre leur programme. Je suis pr\u00eate \u00e0 payer le m\u00eame prix, je n\u2019ai pas besoin de r\u00e9duction. Je demande simplement :&nbsp;<strong>puis-je le faire \u00e0 distance ?<\/strong>&nbsp;On me r\u00e9pond poliment, presque fi\u00e8rement :&nbsp;<\/p>\n\n\n\n<p>\u00ab Tous nos locaux sont accessibles aux fauteuils roulants. \u00bb<\/p>\n\n\n\n<p>Je propose de faire du b\u00e9n\u00e9volat dans une structure publique. Un engagement gratuit, pour donner un peu de mon temps, de mon expertise. Mais je demande :&nbsp;<strong>y a-t-il un dispositif me permettant de participer \u00e0 distance si besoin ?<\/strong>&nbsp;On me r\u00e9pond :&nbsp;<\/p>\n\n\n\n<p>\u00ab Les lieux sont aux normes PMR, c\u2019est obligatoire. \u00bb<\/p>\n\n\n\n<p>Je m\u2019interroge sur la possibilit\u00e9 de contribuer \u00e0 des&nbsp;<strong>consultations juridiques dans un Point Justice<\/strong>, parce que je crois profond\u00e9ment \u00e0 la mission d\u2019acc\u00e8s au droit. Et je pose la question \u00e0 des confr\u00e8res :&nbsp;<strong>en tant qu\u2019avocate en situation de handicap, b\u00e9n\u00e9ficiant d\u2019une RQTH, puis-je envisager un format hybride ou distanciel ?<\/strong>&nbsp;Toujours la m\u00eame r\u00e9ponse :&nbsp;<\/p>\n\n\n\n<p>\u00ab Vous savez Ch\u00e8re Cons\u0153ur, c\u2019est accessible aux fauteuils roulants. \u00bb<\/p>\n\n\n\n<p><strong>Mon handicap n\u2019a pas de roues. Mais il existe.<\/strong><\/p>\n\n\n\n<p>Ce qu\u2019on ne comprend pas \u2014 ou qu\u2019on ne veut pas entendre \u2014 c\u2019est que&nbsp;<strong>le handicap ne se r\u00e9sume pas \u00e0 la capacit\u00e9 de franchir une marche<\/strong>.<\/p>\n\n\n\n<p>Je ne suis pas en fauteuil (je n&rsquo;ai \u00ab\u00a0que\u00a0\u00bb une canne). Mon handicap est li\u00e9 \u00e0 une maladie chronique. Invisible. Incurable. Invalidante. Ce handicap ne n\u00e9cessite pas une rampe d\u2019acc\u00e8s, mais&nbsp;<strong>une attention \u00e0 l\u2019\u00e9puisement, \u00e0 l\u2019effort, aux pouss\u00e9es de sympt\u00f4mes.<\/strong>&nbsp;Il n\u00e9cessite parfois simplement&nbsp;<strong>qu\u2019on m\u2019\u00e9vite un d\u00e9placement.<\/strong>&nbsp;Un trajet trop long. Une journ\u00e9e enti\u00e8re hors de chez moi qui an\u00e9antira les trois suivantes.<\/p>\n\n\n\n<p>Et pourtant, chaque fois que je tente de l\u2019expliquer, je me heurte \u00e0 un mur de&nbsp;<strong>non-compr\u00e9hension, parfois de condescendance<\/strong>, souvent d\u2019ignorance.<\/p>\n\n\n\n<p><strong>Pourquoi personne n\u2019y pense ?<\/strong><\/p>\n\n\n\n<p>La r\u00e9ponse, c\u2019est qu\u2019on pense \u00ab fauteuil roulant \u00bb. Et qu\u2019on&nbsp;<strong>ne pense pas<\/strong>&nbsp;\u00ab fatigue extr\u00eame \u00bb, \u00ab douleurs diffuses \u00bb, \u00ab syst\u00e8me immunitaire en vrac \u00bb, \u00ab effets secondaires permanents \u00bb.<br>On pense accessibilit\u00e9 des lieux, mais&nbsp;<strong>pas accessibilit\u00e9 des&nbsp;<u>modalit\u00e9s<\/u><\/strong>.<\/p>\n\n\n\n<p>Alors, je le redis ici, pour celles et ceux qui vivent la m\u00eame chose :<br>\ud83d\udc49 Oui,&nbsp;<strong>demander du distanciel, ce n\u2019est pas un caprice.<\/strong><br>\ud83d\udc49 Oui,&nbsp;<strong>vouloir adapter un mode d\u2019intervention, ce n\u2019est pas un privil\u00e8ge.<\/strong><br>\ud83d\udc49 Oui,&nbsp;<strong>les handicaps invisibles existent.<\/strong>&nbsp;Ils ne sont pas \u00e0 relativiser ni \u00e0 \u00e9vacuer parce qu\u2019un b\u00e2timent est \u00ab aux normes \u00bb.<\/p>\n\n\n\n<p><strong>Conclusion \u2014 Pour une accessibilit\u00e9 pens\u00e9e, pas seulement coch\u00e9e !&nbsp;<\/strong><\/p>\n\n\n\n<p>Je ne demande pas qu\u2019on am\u00e9nage le monde entier pour moi.<br>Je demande qu\u2019on&nbsp;<strong>lui permette d\u2019\u00eatre un peu plus respirable.<\/strong><\/p>\n\n\n\n<p>Penser l\u2019accessibilit\u00e9, ce n\u2019est pas cocher une case sur un formulaire ou poser une rampe devant une porte. C\u2019est&nbsp;<strong>penser en termes de diversit\u00e9 des corps, des vies, des maladies, des parcours.<\/strong><\/p>\n\n\n\n<p>Et surtout,&nbsp;<strong>c\u2019est avoir l\u2019humilit\u00e9 de se dire qu\u2019on ne sait pas \u00e0 la place de l\u2019autre ce dont il a besoin.<\/strong>&nbsp;Alors, la moindre des choses, c\u2019est de commencer par \u00e9couter. Vraiment.<\/p>\n","protected":false},"excerpt":{"rendered":"<p>Quand on me r\u00e9pond que \u00ab c\u2019est accessible en fauteuil \u00bb, et que je reste \u00e0 la porte Il y a des moments o\u00f9 la col\u00e8re et la tristesse se confondent. Pas une col\u00e8re th\u00e9orique, pas une indignation \u00ab\u00a0de fa\u00e7ade\u00a0\u00bb. Une col\u00e8re v\u00e9cue, profonde, enracin\u00e9e, d\u00e9vastatrice, dans un quotidien o\u00f9 il faut sans cesse justifier, expliquer, convaincre \u2014 et souvent pour rien. Parce que, visiblement, certains handicaps d\u00e9rangent plus que d&rsquo;autres. Surtout quand ils ne se voient pas. Je vais vous donner des exemples concrets. Je contacte un organisme de formation. J\u2019aimerais suivre leur programme. Je suis pr\u00eate \u00e0 payer le m\u00eame prix, je n\u2019ai pas besoin de r\u00e9duction. Je demande simplement :&nbsp;puis-je le faire \u00e0 distance ?&nbsp;On me r\u00e9pond poliment, presque fi\u00e8rement :&nbsp; \u00ab Tous nos locaux sont accessibles aux fauteuils roulants. \u00bb Je propose de faire du b\u00e9n\u00e9volat dans une structure publique. Un engagement gratuit, pour donner un peu de mon temps, de mon expertise. Mais je demande :&nbsp;y a-t-il un dispositif me permettant de participer \u00e0 distance si besoin ?&nbsp;On me r\u00e9pond :&nbsp; \u00ab Les lieux sont aux normes PMR, c\u2019est obligatoire. \u00bb Je m\u2019interroge sur la possibilit\u00e9 de contribuer \u00e0 des&nbsp;consultations juridiques dans un Point Justice, parce que je crois profond\u00e9ment \u00e0 la mission d\u2019acc\u00e8s au droit. Et je pose la question \u00e0 des confr\u00e8res :&nbsp;en tant qu\u2019avocate en situation de handicap, b\u00e9n\u00e9ficiant d\u2019une RQTH, puis-je envisager un format hybride ou distanciel ?&nbsp;Toujours la m\u00eame r\u00e9ponse :&nbsp; \u00ab Vous savez Ch\u00e8re Cons\u0153ur, c\u2019est accessible aux fauteuils roulants. \u00bb Mon handicap n\u2019a pas de roues. Mais il existe. Ce qu\u2019on ne comprend pas \u2014 ou qu\u2019on ne veut pas entendre \u2014 c\u2019est que&nbsp;le handicap ne se r\u00e9sume pas \u00e0 la capacit\u00e9 de franchir une marche. Je ne suis pas en fauteuil (je n&rsquo;ai \u00ab\u00a0que\u00a0\u00bb une canne). Mon handicap est li\u00e9 \u00e0 une maladie chronique. Invisible. Incurable. Invalidante. Ce handicap ne n\u00e9cessite pas une rampe d\u2019acc\u00e8s, mais&nbsp;une attention \u00e0 l\u2019\u00e9puisement, \u00e0 l\u2019effort, aux pouss\u00e9es de sympt\u00f4mes.&nbsp;Il n\u00e9cessite parfois simplement&nbsp;qu\u2019on m\u2019\u00e9vite un d\u00e9placement.&nbsp;Un trajet trop long. Une journ\u00e9e enti\u00e8re hors de chez moi qui an\u00e9antira les trois suivantes. Et pourtant, chaque fois que je tente de l\u2019expliquer, je me heurte \u00e0 un mur de&nbsp;non-compr\u00e9hension, parfois de condescendance, souvent d\u2019ignorance. Pourquoi personne n\u2019y pense ? La r\u00e9ponse, c\u2019est qu\u2019on pense \u00ab fauteuil roulant \u00bb. Et qu\u2019on&nbsp;ne pense pas&nbsp;\u00ab fatigue extr\u00eame \u00bb, \u00ab douleurs diffuses \u00bb, \u00ab syst\u00e8me immunitaire en vrac \u00bb, \u00ab effets secondaires permanents \u00bb.On pense accessibilit\u00e9 des lieux, mais&nbsp;pas accessibilit\u00e9 des&nbsp;modalit\u00e9s. Alors, je le redis ici, pour celles et ceux qui vivent la m\u00eame chose :\ud83d\udc49 Oui,&nbsp;demander du distanciel, ce n\u2019est pas un caprice.\ud83d\udc49 Oui,&nbsp;vouloir adapter un mode d\u2019intervention, ce n\u2019est pas un privil\u00e8ge.\ud83d\udc49 Oui,&nbsp;les handicaps invisibles existent.&nbsp;Ils ne sont pas \u00e0 relativiser ni \u00e0 \u00e9vacuer parce qu\u2019un b\u00e2timent est \u00ab aux normes \u00bb. Conclusion \u2014 Pour une accessibilit\u00e9 pens\u00e9e, pas seulement coch\u00e9e !&nbsp; Je ne demande pas qu\u2019on am\u00e9nage le monde entier pour moi.Je demande qu\u2019on&nbsp;lui permette d\u2019\u00eatre un peu plus respirable. Penser l\u2019accessibilit\u00e9, ce n\u2019est pas cocher une case sur un formulaire ou poser une rampe devant une porte. C\u2019est&nbsp;penser en termes de diversit\u00e9 des corps, des vies, des maladies, des parcours. Et surtout,&nbsp;c\u2019est avoir l\u2019humilit\u00e9 de se dire qu\u2019on ne sait pas \u00e0 la place de l\u2019autre ce dont il a besoin.&nbsp;Alors, la moindre des choses, c\u2019est de commencer par \u00e9couter. Vraiment.<\/p>\n","protected":false},"author":2,"featured_media":359,"comment_status":"open","ping_status":"open","sticky":false,"template":"","format":"standard","meta":{"footnotes":""},"categories":[1],"tags":[],"class_list":["post-358","post","type-post","status-publish","format-standard","has-post-thumbnail","hentry","category-non-classe"],"_links":{"self":[{"href":"https:\/\/kos-avocats.fr\/ameliecoeurbattantcorpspatient\/wp-json\/wp\/v2\/posts\/358","targetHints":{"allow":["GET"]}}],"collection":[{"href":"https:\/\/kos-avocats.fr\/ameliecoeurbattantcorpspatient\/wp-json\/wp\/v2\/posts"}],"about":[{"href":"https:\/\/kos-avocats.fr\/ameliecoeurbattantcorpspatient\/wp-json\/wp\/v2\/types\/post"}],"author":[{"embeddable":true,"href":"https:\/\/kos-avocats.fr\/ameliecoeurbattantcorpspatient\/wp-json\/wp\/v2\/users\/2"}],"replies":[{"embeddable":true,"href":"https:\/\/kos-avocats.fr\/ameliecoeurbattantcorpspatient\/wp-json\/wp\/v2\/comments?post=358"}],"version-history":[{"count":1,"href":"https:\/\/kos-avocats.fr\/ameliecoeurbattantcorpspatient\/wp-json\/wp\/v2\/posts\/358\/revisions"}],"predecessor-version":[{"id":360,"href":"https:\/\/kos-avocats.fr\/ameliecoeurbattantcorpspatient\/wp-json\/wp\/v2\/posts\/358\/revisions\/360"}],"wp:featuredmedia":[{"embeddable":true,"href":"https:\/\/kos-avocats.fr\/ameliecoeurbattantcorpspatient\/wp-json\/wp\/v2\/media\/359"}],"wp:attachment":[{"href":"https:\/\/kos-avocats.fr\/ameliecoeurbattantcorpspatient\/wp-json\/wp\/v2\/media?parent=358"}],"wp:term":[{"taxonomy":"category","embeddable":true,"href":"https:\/\/kos-avocats.fr\/ameliecoeurbattantcorpspatient\/wp-json\/wp\/v2\/categories?post=358"},{"taxonomy":"post_tag","embeddable":true,"href":"https:\/\/kos-avocats.fr\/ameliecoeurbattantcorpspatient\/wp-json\/wp\/v2\/tags?post=358"}],"curies":[{"name":"wp","href":"https:\/\/api.w.org\/{rel}","templated":true}]}}