{"id":370,"date":"2026-01-09T15:50:52","date_gmt":"2026-01-09T14:50:52","guid":{"rendered":"https:\/\/kos-avocats.fr\/ameliecoeurbattantcorpspatient\/?p=370"},"modified":"2026-01-09T15:50:52","modified_gmt":"2026-01-09T14:50:52","slug":"plaider-hors-les-pretoires","status":"publish","type":"post","link":"https:\/\/kos-avocats.fr\/ameliecoeurbattantcorpspatient\/2026\/01\/09\/plaider-hors-les-pretoires\/","title":{"rendered":"Plaider hors les pr\u00e9toires"},"content":{"rendered":"\n<p><em>R\u00e9flexions sur le r\u00f4le \u00ab\u00a0politique\u00a0\u00bb \u2013 au sens noble s&rsquo;il en est \ud83d\ude09 \u2013 de l\u2019avocat.<\/em><\/p>\n\n\n\n<p>Il arrive que le droit dise tout sur le papier, mais que rien ne se passe en pratique.<br>Que les textes existent, que les principes soient l\u00e0, couch\u00e9s noir sur blanc, et pourtant\u2026 que le silence voire l&rsquo;injustice l\u2019emporte.<\/p>\n\n\n\n<p>C\u2019est dans cet interstice \u2013 entre le droit proclam\u00e9 et le droit effectif \u2013 que se loge une part essentielle de mon m\u00e9tier : le plaidoyer.&nbsp;<\/p>\n\n\n\n<p>Non pas celui des audiences avec des robes noires. Mais celui, moins visible, qui s\u2019exerce dans les bureaux des parlementaires, les salles des administrations, ou au c\u0153ur des collectifs de patients. Celui qui cherche \u00e0 infl\u00e9chir le r\u00e9el, \u00e0 r\u00e9tablir les \u00e9quilibres. Non par la force, mais par le raisonnement.<\/p>\n\n\n\n<p><strong>Un m\u00e9tier de la norme<\/strong><\/p>\n\n\n\n<p>L\u2019avocat est un technicien du droit certes, mais il est surtout un praticien de la norme. Il sait comment elle na\u00eet, comment elle s\u2019applique, et surtout\u2026 comment elle cafouille et \u00e9choue. C\u2019est ce regard-l\u00e0, cette exp\u00e9rience, qui font de lui un interlocuteur naturel des d\u00e9cideurs publics.<\/p>\n\n\n\n<p>Comme le d\u00e9put\u00e9, il plaide. Il d\u00e9fend un point de vue, une situation, un vide juridique \u00e0 combler ou, souvent, un exc\u00e8s de loi \u00e0 \u00e9viter. Car il faut le dire :&nbsp;<strong>notre \u00e9poque ne manque pas de textes. Elle manque d\u2019applications intelligentes.<\/strong>&nbsp;Le plaidoyer ne consiste donc pas \u00e0 r\u00e9clamer de nouvelles lois \u00e0 tout propos, mais \u00e0 interroger ce qui existe d\u00e9j\u00e0, \u00e0 en extraire les leviers dormants, \u00e0 d\u00e9noncer les obstacles administratifs ou les contorsions interpr\u00e9tatives qui emp\u00eachent la norme de remplir son r\u00f4le protecteur de base.<\/p>\n\n\n\n<p><strong>L\u2019\u00e9coute du terrain<\/strong><\/p>\n\n\n\n<p>Dans le champ du droit des patients, cette mission prend un relief particulier. Ici, les textes sont nombreux, parfois g\u00e9n\u00e9reux, mais souvent ignor\u00e9s. La personne malade ou en situation de handicap se heurte \u00e0 un enchev\u00eatrement de proc\u00e9dures, d\u2019organismes, de d\u00e9lais. Ce que le droit promet, le terrain l\u2019enterre.<\/p>\n\n\n\n<p>C\u2019est \u00e0 partir de cette dissonance que le plaidoyer peut s\u2019exercer. Lorsqu\u2019un patient n\u2019a pas acc\u00e8s \u00e0 un traitement, lorsqu\u2019un aidant s\u2019\u00e9puise face \u00e0 l\u2019inertie d\u2019une administration, ou lorsque tout autre signal d&rsquo;alarme traduit une faille structurelle. Le r\u00f4le de l\u2019avocat, ici, est d\u2019en faire \u00e9tat et de proposer des rem\u00e8des par une parole audible. Argument\u00e9e. Document\u00e9e. Limpide.<\/p>\n\n\n\n<p>Mener une action de plaidoyer, ce n\u2019est pas s&rsquo;agiter par des effets de manche avec indignation. C\u2019est&nbsp;<strong>transformer des situations individuelles en levier collectif<\/strong>. Ce que nous faisons devant les juridictions, nous pouvons aussi le faire devant un parlementaire, une agence r\u00e9gionale de sant\u00e9, un minist\u00e8re. La d\u00e9marche est la m\u00eame : faire entendre, faire comprendre, et si possible, faire bouger.<\/p>\n\n\n\n<p><strong>Une fonction politique assum\u00e9e<\/strong><\/p>\n\n\n\n<p>Il y a dans cette pratique une forme d\u2019engagement. Politique, au sens le plus exigeant du terme : construire et organiser une soci\u00e9t\u00e9 \u00e0 partir du droit. Cr\u00e9er du lien entre le texte et la vie des citoyens. D\u00e9fendre l\u2019int\u00e9r\u00eat g\u00e9n\u00e9ral, \u00e0 partir de cas singuliers.<\/p>\n\n\n\n<p>C\u2019est pour cela que le plaidoyer n\u2019est pas un exercice secondaire dans mon activit\u00e9 d\u2019avocate. C\u2019est un prolongement logique. Parce que le contentieux ne suffit pas toujours. Parce que certaines r\u00e9formes n\u2019attendront pas que l\u2019on statue au fond. Parce que parfois,&nbsp;<strong>il suffit de dire les choses clairement \u00e0 la bonne personne, au bon moment<\/strong>, pour que quelque chose c\u00e8de. Sugg\u00e9rer une r\u00e9forme, proposer une circulaire, \u00e9clairer un parlementaire ou une administration sur une faille du syst\u00e8me.<\/p>\n\n\n\n<p>Le plaidoyer, c\u2019est l\u2019art de parler juste. Pas fort. Juste. C\u2019est refuser l\u2019injustice sans exiger toujours une nouvelle loi. Car le plus souvent, le droit est d\u00e9j\u00e0 l\u00e0. Il dort, oubli\u00e9. Il suffirait de le r\u00e9veiller.<\/p>\n","protected":false},"excerpt":{"rendered":"<p>R\u00e9flexions sur le r\u00f4le \u00ab\u00a0politique\u00a0\u00bb \u2013 au sens noble s&rsquo;il en est \ud83d\ude09 \u2013 de l\u2019avocat. Il arrive que le droit dise tout sur le papier, mais que rien ne se passe en pratique.Que les textes existent, que les principes soient l\u00e0, couch\u00e9s noir sur blanc, et pourtant\u2026 que le silence voire l&rsquo;injustice l\u2019emporte. C\u2019est dans cet interstice \u2013 entre le droit proclam\u00e9 et le droit effectif \u2013 que se loge une part essentielle de mon m\u00e9tier : le plaidoyer.&nbsp; Non pas celui des audiences avec des robes noires. Mais celui, moins visible, qui s\u2019exerce dans les bureaux des parlementaires, les salles des administrations, ou au c\u0153ur des collectifs de patients. Celui qui cherche \u00e0 infl\u00e9chir le r\u00e9el, \u00e0 r\u00e9tablir les \u00e9quilibres. Non par la force, mais par le raisonnement. Un m\u00e9tier de la norme L\u2019avocat est un technicien du droit certes, mais il est surtout un praticien de la norme. Il sait comment elle na\u00eet, comment elle s\u2019applique, et surtout\u2026 comment elle cafouille et \u00e9choue. C\u2019est ce regard-l\u00e0, cette exp\u00e9rience, qui font de lui un interlocuteur naturel des d\u00e9cideurs publics. Comme le d\u00e9put\u00e9, il plaide. Il d\u00e9fend un point de vue, une situation, un vide juridique \u00e0 combler ou, souvent, un exc\u00e8s de loi \u00e0 \u00e9viter. Car il faut le dire :&nbsp;notre \u00e9poque ne manque pas de textes. Elle manque d\u2019applications intelligentes.&nbsp;Le plaidoyer ne consiste donc pas \u00e0 r\u00e9clamer de nouvelles lois \u00e0 tout propos, mais \u00e0 interroger ce qui existe d\u00e9j\u00e0, \u00e0 en extraire les leviers dormants, \u00e0 d\u00e9noncer les obstacles administratifs ou les contorsions interpr\u00e9tatives qui emp\u00eachent la norme de remplir son r\u00f4le protecteur de base. L\u2019\u00e9coute du terrain Dans le champ du droit des patients, cette mission prend un relief particulier. Ici, les textes sont nombreux, parfois g\u00e9n\u00e9reux, mais souvent ignor\u00e9s. La personne malade ou en situation de handicap se heurte \u00e0 un enchev\u00eatrement de proc\u00e9dures, d\u2019organismes, de d\u00e9lais. Ce que le droit promet, le terrain l\u2019enterre. C\u2019est \u00e0 partir de cette dissonance que le plaidoyer peut s\u2019exercer. Lorsqu\u2019un patient n\u2019a pas acc\u00e8s \u00e0 un traitement, lorsqu\u2019un aidant s\u2019\u00e9puise face \u00e0 l\u2019inertie d\u2019une administration, ou lorsque tout autre signal d&rsquo;alarme traduit une faille structurelle. Le r\u00f4le de l\u2019avocat, ici, est d\u2019en faire \u00e9tat et de proposer des rem\u00e8des par une parole audible. Argument\u00e9e. Document\u00e9e. Limpide. Mener une action de plaidoyer, ce n\u2019est pas s&rsquo;agiter par des effets de manche avec indignation. C\u2019est&nbsp;transformer des situations individuelles en levier collectif. Ce que nous faisons devant les juridictions, nous pouvons aussi le faire devant un parlementaire, une agence r\u00e9gionale de sant\u00e9, un minist\u00e8re. La d\u00e9marche est la m\u00eame : faire entendre, faire comprendre, et si possible, faire bouger. Une fonction politique assum\u00e9e Il y a dans cette pratique une forme d\u2019engagement. Politique, au sens le plus exigeant du terme : construire et organiser une soci\u00e9t\u00e9 \u00e0 partir du droit. Cr\u00e9er du lien entre le texte et la vie des citoyens. D\u00e9fendre l\u2019int\u00e9r\u00eat g\u00e9n\u00e9ral, \u00e0 partir de cas singuliers. C\u2019est pour cela que le plaidoyer n\u2019est pas un exercice secondaire dans mon activit\u00e9 d\u2019avocate. C\u2019est un prolongement logique. Parce que le contentieux ne suffit pas toujours. Parce que certaines r\u00e9formes n\u2019attendront pas que l\u2019on statue au fond. Parce que parfois,&nbsp;il suffit de dire les choses clairement \u00e0 la bonne personne, au bon moment, pour que quelque chose c\u00e8de. Sugg\u00e9rer une r\u00e9forme, proposer une circulaire, \u00e9clairer un parlementaire ou une administration sur une faille du syst\u00e8me. Le plaidoyer, c\u2019est l\u2019art de parler juste. Pas fort. Juste. C\u2019est refuser l\u2019injustice sans exiger toujours une nouvelle loi. Car le plus souvent, le droit est d\u00e9j\u00e0 l\u00e0. Il dort, oubli\u00e9. Il suffirait de le r\u00e9veiller.<\/p>\n","protected":false},"author":2,"featured_media":371,"comment_status":"open","ping_status":"open","sticky":false,"template":"","format":"standard","meta":{"footnotes":""},"categories":[1],"tags":[],"class_list":["post-370","post","type-post","status-publish","format-standard","has-post-thumbnail","hentry","category-non-classe"],"_links":{"self":[{"href":"https:\/\/kos-avocats.fr\/ameliecoeurbattantcorpspatient\/wp-json\/wp\/v2\/posts\/370","targetHints":{"allow":["GET"]}}],"collection":[{"href":"https:\/\/kos-avocats.fr\/ameliecoeurbattantcorpspatient\/wp-json\/wp\/v2\/posts"}],"about":[{"href":"https:\/\/kos-avocats.fr\/ameliecoeurbattantcorpspatient\/wp-json\/wp\/v2\/types\/post"}],"author":[{"embeddable":true,"href":"https:\/\/kos-avocats.fr\/ameliecoeurbattantcorpspatient\/wp-json\/wp\/v2\/users\/2"}],"replies":[{"embeddable":true,"href":"https:\/\/kos-avocats.fr\/ameliecoeurbattantcorpspatient\/wp-json\/wp\/v2\/comments?post=370"}],"version-history":[{"count":1,"href":"https:\/\/kos-avocats.fr\/ameliecoeurbattantcorpspatient\/wp-json\/wp\/v2\/posts\/370\/revisions"}],"predecessor-version":[{"id":372,"href":"https:\/\/kos-avocats.fr\/ameliecoeurbattantcorpspatient\/wp-json\/wp\/v2\/posts\/370\/revisions\/372"}],"wp:featuredmedia":[{"embeddable":true,"href":"https:\/\/kos-avocats.fr\/ameliecoeurbattantcorpspatient\/wp-json\/wp\/v2\/media\/371"}],"wp:attachment":[{"href":"https:\/\/kos-avocats.fr\/ameliecoeurbattantcorpspatient\/wp-json\/wp\/v2\/media?parent=370"}],"wp:term":[{"taxonomy":"category","embeddable":true,"href":"https:\/\/kos-avocats.fr\/ameliecoeurbattantcorpspatient\/wp-json\/wp\/v2\/categories?post=370"},{"taxonomy":"post_tag","embeddable":true,"href":"https:\/\/kos-avocats.fr\/ameliecoeurbattantcorpspatient\/wp-json\/wp\/v2\/tags?post=370"}],"curies":[{"name":"wp","href":"https:\/\/api.w.org\/{rel}","templated":true}]}}