{"id":379,"date":"2026-02-12T15:35:47","date_gmt":"2026-02-12T14:35:47","guid":{"rendered":"https:\/\/kos-avocats.fr\/ameliecoeurbattantcorpspatient\/?p=379"},"modified":"2026-02-12T15:35:48","modified_gmt":"2026-02-12T14:35:48","slug":"accepter-ce-qui-ne-depend-pas-de-nous-une-lecon-stoicienne-face-a-la-maladie","status":"publish","type":"post","link":"https:\/\/kos-avocats.fr\/ameliecoeurbattantcorpspatient\/2026\/02\/12\/accepter-ce-qui-ne-depend-pas-de-nous-une-lecon-stoicienne-face-a-la-maladie\/","title":{"rendered":"Accepter ce qui ne d\u00e9pend pas de nous : une le\u00e7on sto\u00efcienne face \u00e0 la maladie\u00a0"},"content":{"rendered":"\n<p><strong>\u00ab&nbsp;<em>Ne cherche pas \u00e0 faire que les \u00e9v\u00e9nements arrivent comme tu veux, mais veuille les \u00e9v\u00e9nements comme ils arrivent, et le cours de ta vie sera heureux.<\/em>&nbsp;\u00bb<\/strong><br><em>\u00c9pict\u00e8te, Manuel, Flammarion, Paris 1997, p. 67.<\/em><\/p>\n\n\n\n<p>&nbsp;Loin d\u2019\u00eatre une invitation \u00e0 la r\u00e9signation pure et simple, cette citation constitue le c\u0153ur m\u00eame du sto\u00efcisme :&nbsp;<strong>cesser de se battre contre ce qui d\u00e9passe notre pouvoir et r\u00e9orienter notre \u00e9nergie vers ce qui d\u00e9pend r\u00e9ellement et uniquement de nous.<\/strong><\/p>\n\n\n\n<p><strong>Ce ne sont pas les \u00e9v\u00e9nements qui nous abiment, mais ce que nous en faisons<\/strong><\/p>\n\n\n\n<p>\u00c9pict\u00e8te ne dit pas que tous les \u00e9v\u00e9nements sont bons. Il dit juste qu\u2019ils&nbsp;<strong>sont<\/strong>.<br>Un diagnostic de non-r\u00e9mission envisageable, des douleurs difficilement traitables, un \u00e9puisement imposant d&rsquo;abandonner le programme de la journ\u00e9e : tout cela n\u2019a rien de \u00ab positif \u00bb bien \u00e9videmment.&nbsp;<\/p>\n\n\n\n<p>Le sto\u00efcisme ne demande pas d\u2019aimer la sentence fatale, la douleur, la fatigue extr\u00eame. Il exige quelque chose de bien plus subtil :&nbsp;<strong>ne pas ajouter \u00e0 la dure r\u00e9alit\u00e9 un fardeau fabriqu\u00e9e par nos propres interpr\u00e9tations<\/strong>.<\/p>\n\n\n\n<p>Car la plupart du temps, ce qui nous \u00e9crase n\u2019est finalement pas l\u2019\u00e9v\u00e9nement lui-m\u00eame, mais l\u2019encha\u00eenement mental qui suit :<\/p>\n\n\n\n<ul class=\"wp-block-list\">\n<li>\u00ab \u00c7a n\u2019aurait pas d\u00fb m\u2019arriver. \u00bb<\/li>\n\n\n\n<li>\u00ab Je ne vais jamais y arriver. \u00bb<\/li>\n\n\n\n<li>\u00ab C&rsquo;est tellement injuste. \u00bb<\/li>\n<\/ul>\n\n\n\n<p>Ces phrases \u2014 que l\u2019on ne se dit parfois qu\u2019\u00e0 soi, \u00e0 voix basse \u2014 sont autant de coups suppl\u00e9mentaires port\u00e9s \u00e0 la situation par notre propre esprit. Elles transforment un fait brut en souffrance int\u00e9rieure destructrice.<\/p>\n\n\n\n<p>Le sto\u00efcisme coupe court \u00e0 cette auto-destruction.<\/p>\n\n\n\n<p><strong>Le sto\u00efcisme : l\u2019art de reprendre une forme de souverainet\u00e9 int\u00e9rieure<\/strong><\/p>\n\n\n\n<p>Les sto\u00efciens posent une distinction simple mais redoutablement efficace :<\/p>\n\n\n\n<ul class=\"wp-block-list\">\n<li><strong>D\u00e9pend de moi<\/strong>\u00a0: mes jugements, mes actions, ma mani\u00e8re de r\u00e9pondre \u00e0 ce qui arrive.<\/li>\n\n\n\n<li><strong>Ne d\u00e9pend pas de moi<\/strong>\u00a0: tout le reste et notamment la maladie qui me tombe dessus.<\/li>\n<\/ul>\n\n\n\n<p>Ce m\u00e9canisme interne peut tellement adoucir une situation difficile. Certes il ne supprime pas la maladie, mais il modifie&nbsp;<em>l\u2019espace int\u00e9rieur<\/em>&nbsp;dans lequel elle se d\u00e9ploie.<br>Il ne retire ni la fatigue ni la douleur, mais il retire le&nbsp;<em>poids mental<\/em>&nbsp;qui l\u2019accompagne.<br>Il ne rend pas les \u00e9v\u00e9nements plus doux, mais il les rend&nbsp;<em>vivables<\/em>&nbsp;\u2014 parfois m\u00eame&nbsp;<em>f\u00e9conds<\/em>.<\/p>\n\n\n\n<p>Le sto\u00efcisme n\u2019est pas une th\u00e9orie philosophique hypocrite : c\u2019est une v\u00e9ritable strat\u00e9gie de survie.<\/p>\n\n\n\n<p><strong>Quand on vit avec une maladie chronique, le sto\u00efcisme n\u2019est pas un leurre : c\u2019est une ressource vitale<\/strong><\/p>\n\n\n\n<p>Face \u00e0 une maladie handicapante, l\u2019enjeu n\u2019est pas de \u00ab positiver \u00bb na\u00efvement.<br>C\u2019est de ne pas se laisser d\u00e9poss\u00e9der de soi par ce que la maladie engendre et impose.<\/p>\n\n\n\n<p>L\u00e0 o\u00f9 la m\u00e9decine ne peut pas tout, la philosophie, elle, peut beaucoup :<\/p>\n\n\n\n<ul class=\"wp-block-list\">\n<li>Elle offre un cadre pour apprivoiser l\u2019incertitude et l&rsquo;anxi\u00e9t\u00e9 qui en r\u00e9sulte.<\/li>\n\n\n\n<li>Elle rappelle que ni la libert\u00e9 ni la dignit\u00e9 ne disparaissent mais se d\u00e9placent.\u00a0<\/li>\n\n\n\n<li>Elle apprend \u00e0 distinguer la r\u00e9alit\u00e9 de l\u2019histoire de ce que l\u2019on se raconte sur cette r\u00e9alit\u00e9.\u00a0<\/li>\n<\/ul>\n\n\n\n<p>\u00c9pict\u00e8te, qui \u00e9tait esclave et boiteux, ne s&rsquo;inventait pas un confort abstrait.<br>Il savait ce que signifie vivre avec un corps limit\u00e9 et donc qui limite.<br>Il avait compris ce que signifiait avancer malgr\u00e9 un destin qui ne ressemble pas \u00e0 celui des personnes riches et valides.<\/p>\n\n\n\n<p>Sa phrase n\u2019est donc pas une injonction na\u00efve. Loin de l\u00e0 !&nbsp;<br>C\u2019est une magnifique incitation \u00e0 la r\u00e9sistance :<br><strong><em>\u00ab Ne perds pas ton temps \u00e0 vouloir r\u00e9\u00e9crire ce qui est donn\u00e9. Consacre-toi \u00e0 la part qui reste tienne. \u00bb<\/em><\/strong><\/p>\n\n\n\n<p>Accueillir les \u00e9v\u00e9nements comme ils arrivent ne veut pas dire y consentir, les aimer ou les consid\u00e9rer comme justes.<br>Cela signifie :&nbsp;<strong>cesser de gaspiller son \u00e9nergie \u00e0 vouloir qu\u2019ils soient diff\u00e9rents et se r\u00e9inventer une vie qui aurait pu \u00eatre plus douce.<\/strong><\/p>\n\n\n\n<p>C\u2019est un repositionnement int\u00e9rieur totalement libre et \u00e9clair\u00e9 :<\/p>\n\n\n\n<ul class=\"wp-block-list\">\n<li>Je n&rsquo;ai pas choisi la maladie, mais je choisis la posture avec laquelle je la traverse.<\/li>\n\n\n\n<li>Je n&rsquo;ai pas choisi\u00a0la fatigue, mais je choisis ce que je fais de mes forces restantes.<\/li>\n\n\n\n<li>Je n&rsquo;ai pas choisi l\u2019\u00e9v\u00e9nement, mais je choisis la suite que je d\u00e9cide d&rsquo;y donner.<\/li>\n<\/ul>\n\n\n\n<p>Le voici donc, mon alli\u00e9 concret du quotidien \ud83d\ude42<\/p>\n\n\n\n<p><strong>Conclusion pour ceux qui vivent \u00ab\u00a0sous un ciel voil\u00e9\u00a0\u00bb<\/strong><\/p>\n\n\n\n<p>Lorsque l\u2019on vit avec un corps limit\u00e9, chaque journ\u00e9e est impr\u00e9visible.<\/p>\n\n\n\n<p>Certains moments se passent plut\u00f4t bien et d\u2019autres vous rappellent brutalement vos contraintes.<\/p>\n\n\n\n<p>Ce que dit \u00c9pict\u00e8te, c\u2019est que la libert\u00e9 n\u2019est pas l\u00e0 o\u00f9 on la cherche spontan\u00e9ment.<br>Elle n\u2019est pas dans la ma\u00eetrise physique du r\u00e9el.<br>Elle est dans la ma\u00eetrise spirituelle de l\u2019interpr\u00e9tation du r\u00e9el.<\/p>\n\n\n\n<p>\u00c0 partir de l\u00e0, m\u00eame sous la contrainte, un espace de libert\u00e9 et de cr\u00e9ation demeure et bien que diff\u00e9rent, il peut \u00eatre fructueux et m\u00eame plus fructueux.&nbsp;&nbsp;<\/p>\n\n\n\n<p>En somme, le sto\u00efcisme n\u2019est pas une fausse consolation.<br>C\u2019est un&nbsp;<strong>v\u00e9ritable cadre de puissance&nbsp;<\/strong>pour continuer \u00e0 vivre heureux et \u00e0 r\u00e9aliser ses propres choix, m\u00eame lorsque la maladie impose ses lois.<\/p>\n","protected":false},"excerpt":{"rendered":"<p>\u00ab&nbsp;Ne cherche pas \u00e0 faire que les \u00e9v\u00e9nements arrivent comme tu veux, mais veuille les \u00e9v\u00e9nements comme ils arrivent, et le cours de ta vie sera heureux.&nbsp;\u00bb\u00c9pict\u00e8te, Manuel, Flammarion, Paris 1997, p. 67. &nbsp;Loin d\u2019\u00eatre une invitation \u00e0 la r\u00e9signation pure et simple, cette citation constitue le c\u0153ur m\u00eame du sto\u00efcisme :&nbsp;cesser de se battre contre ce qui d\u00e9passe notre pouvoir et r\u00e9orienter notre \u00e9nergie vers ce qui d\u00e9pend r\u00e9ellement et uniquement de nous. Ce ne sont pas les \u00e9v\u00e9nements qui nous abiment, mais ce que nous en faisons \u00c9pict\u00e8te ne dit pas que tous les \u00e9v\u00e9nements sont bons. Il dit juste qu\u2019ils&nbsp;sont.Un diagnostic de non-r\u00e9mission envisageable, des douleurs difficilement traitables, un \u00e9puisement imposant d&rsquo;abandonner le programme de la journ\u00e9e : tout cela n\u2019a rien de \u00ab positif \u00bb bien \u00e9videmment.&nbsp; Le sto\u00efcisme ne demande pas d\u2019aimer la sentence fatale, la douleur, la fatigue extr\u00eame. Il exige quelque chose de bien plus subtil :&nbsp;ne pas ajouter \u00e0 la dure r\u00e9alit\u00e9 un fardeau fabriqu\u00e9e par nos propres interpr\u00e9tations. Car la plupart du temps, ce qui nous \u00e9crase n\u2019est finalement pas l\u2019\u00e9v\u00e9nement lui-m\u00eame, mais l\u2019encha\u00eenement mental qui suit : Ces phrases \u2014 que l\u2019on ne se dit parfois qu\u2019\u00e0 soi, \u00e0 voix basse \u2014 sont autant de coups suppl\u00e9mentaires port\u00e9s \u00e0 la situation par notre propre esprit. Elles transforment un fait brut en souffrance int\u00e9rieure destructrice. Le sto\u00efcisme coupe court \u00e0 cette auto-destruction. Le sto\u00efcisme : l\u2019art de reprendre une forme de souverainet\u00e9 int\u00e9rieure Les sto\u00efciens posent une distinction simple mais redoutablement efficace : Ce m\u00e9canisme interne peut tellement adoucir une situation difficile. Certes il ne supprime pas la maladie, mais il modifie&nbsp;l\u2019espace int\u00e9rieur&nbsp;dans lequel elle se d\u00e9ploie.Il ne retire ni la fatigue ni la douleur, mais il retire le&nbsp;poids mental&nbsp;qui l\u2019accompagne.Il ne rend pas les \u00e9v\u00e9nements plus doux, mais il les rend&nbsp;vivables&nbsp;\u2014 parfois m\u00eame&nbsp;f\u00e9conds. Le sto\u00efcisme n\u2019est pas une th\u00e9orie philosophique hypocrite : c\u2019est une v\u00e9ritable strat\u00e9gie de survie. Quand on vit avec une maladie chronique, le sto\u00efcisme n\u2019est pas un leurre : c\u2019est une ressource vitale Face \u00e0 une maladie handicapante, l\u2019enjeu n\u2019est pas de \u00ab positiver \u00bb na\u00efvement.C\u2019est de ne pas se laisser d\u00e9poss\u00e9der de soi par ce que la maladie engendre et impose. L\u00e0 o\u00f9 la m\u00e9decine ne peut pas tout, la philosophie, elle, peut beaucoup : \u00c9pict\u00e8te, qui \u00e9tait esclave et boiteux, ne s&rsquo;inventait pas un confort abstrait.Il savait ce que signifie vivre avec un corps limit\u00e9 et donc qui limite.Il avait compris ce que signifiait avancer malgr\u00e9 un destin qui ne ressemble pas \u00e0 celui des personnes riches et valides. Sa phrase n\u2019est donc pas une injonction na\u00efve. Loin de l\u00e0 !&nbsp;C\u2019est une magnifique incitation \u00e0 la r\u00e9sistance :\u00ab Ne perds pas ton temps \u00e0 vouloir r\u00e9\u00e9crire ce qui est donn\u00e9. Consacre-toi \u00e0 la part qui reste tienne. \u00bb Accueillir les \u00e9v\u00e9nements comme ils arrivent ne veut pas dire y consentir, les aimer ou les consid\u00e9rer comme justes.Cela signifie :&nbsp;cesser de gaspiller son \u00e9nergie \u00e0 vouloir qu\u2019ils soient diff\u00e9rents et se r\u00e9inventer une vie qui aurait pu \u00eatre plus douce. C\u2019est un repositionnement int\u00e9rieur totalement libre et \u00e9clair\u00e9 : Le voici donc, mon alli\u00e9 concret du quotidien \ud83d\ude42 Conclusion pour ceux qui vivent \u00ab\u00a0sous un ciel voil\u00e9\u00a0\u00bb Lorsque l\u2019on vit avec un corps limit\u00e9, chaque journ\u00e9e est impr\u00e9visible. Certains moments se passent plut\u00f4t bien et d\u2019autres vous rappellent brutalement vos contraintes. Ce que dit \u00c9pict\u00e8te, c\u2019est que la libert\u00e9 n\u2019est pas l\u00e0 o\u00f9 on la cherche spontan\u00e9ment.Elle n\u2019est pas dans la ma\u00eetrise physique du r\u00e9el.Elle est dans la ma\u00eetrise spirituelle de l\u2019interpr\u00e9tation du r\u00e9el. \u00c0 partir de l\u00e0, m\u00eame sous la contrainte, un espace de libert\u00e9 et de cr\u00e9ation demeure et bien que diff\u00e9rent, il peut \u00eatre fructueux et m\u00eame plus fructueux.&nbsp;&nbsp; En somme, le sto\u00efcisme n\u2019est pas une fausse consolation.C\u2019est un&nbsp;v\u00e9ritable cadre de puissance&nbsp;pour continuer \u00e0 vivre heureux et \u00e0 r\u00e9aliser ses propres choix, m\u00eame lorsque la maladie impose ses lois.<\/p>\n","protected":false},"author":2,"featured_media":380,"comment_status":"open","ping_status":"open","sticky":false,"template":"","format":"standard","meta":{"footnotes":""},"categories":[1],"tags":[],"class_list":["post-379","post","type-post","status-publish","format-standard","has-post-thumbnail","hentry","category-non-classe"],"_links":{"self":[{"href":"https:\/\/kos-avocats.fr\/ameliecoeurbattantcorpspatient\/wp-json\/wp\/v2\/posts\/379","targetHints":{"allow":["GET"]}}],"collection":[{"href":"https:\/\/kos-avocats.fr\/ameliecoeurbattantcorpspatient\/wp-json\/wp\/v2\/posts"}],"about":[{"href":"https:\/\/kos-avocats.fr\/ameliecoeurbattantcorpspatient\/wp-json\/wp\/v2\/types\/post"}],"author":[{"embeddable":true,"href":"https:\/\/kos-avocats.fr\/ameliecoeurbattantcorpspatient\/wp-json\/wp\/v2\/users\/2"}],"replies":[{"embeddable":true,"href":"https:\/\/kos-avocats.fr\/ameliecoeurbattantcorpspatient\/wp-json\/wp\/v2\/comments?post=379"}],"version-history":[{"count":1,"href":"https:\/\/kos-avocats.fr\/ameliecoeurbattantcorpspatient\/wp-json\/wp\/v2\/posts\/379\/revisions"}],"predecessor-version":[{"id":381,"href":"https:\/\/kos-avocats.fr\/ameliecoeurbattantcorpspatient\/wp-json\/wp\/v2\/posts\/379\/revisions\/381"}],"wp:featuredmedia":[{"embeddable":true,"href":"https:\/\/kos-avocats.fr\/ameliecoeurbattantcorpspatient\/wp-json\/wp\/v2\/media\/380"}],"wp:attachment":[{"href":"https:\/\/kos-avocats.fr\/ameliecoeurbattantcorpspatient\/wp-json\/wp\/v2\/media?parent=379"}],"wp:term":[{"taxonomy":"category","embeddable":true,"href":"https:\/\/kos-avocats.fr\/ameliecoeurbattantcorpspatient\/wp-json\/wp\/v2\/categories?post=379"},{"taxonomy":"post_tag","embeddable":true,"href":"https:\/\/kos-avocats.fr\/ameliecoeurbattantcorpspatient\/wp-json\/wp\/v2\/tags?post=379"}],"curies":[{"name":"wp","href":"https:\/\/api.w.org\/{rel}","templated":true}]}}